{"id":49086,"date":"2026-01-13T12:36:04","date_gmt":"2026-01-13T12:36:04","guid":{"rendered":"https:\/\/haberbesiktas.tr\/?p=49086"},"modified":"2026-01-13T12:36:04","modified_gmt":"2026-01-13T12:36:04","slug":"galatasaraya-bernardo-silva-icin-rakip","status":"publish","type":"post","link":"https:\/\/haberbesiktas.tr\/?p=49086","title":{"rendered":"Galatasaray&#8217;a Bernardo Silva i\u00e7in rakip"},"content":{"rendered":"<div>Manchester City formas\u0131 giyen Bernardo Silva&#8217;ya yeni bir talip \u00e7\u0131kt\u0131.<\/p>\n<p><strong>FABREGAS&#8217;TAN TALEP<\/strong><\/p>\n<p> Fichajes&#8217;te yer alan habere nazaran, \u0130talya Serie A tak\u0131mlar\u0131ndan Como, Portekizli futbolcu ile ilgileniyor.<\/p>\n<p> Como Teknik Y\u00f6neticisi Cesc Fabregas, Bernardo Silva&#8217;n\u0131n transferini \u015fahsen talep etti.<\/p>\n<p><strong>GALATASARAY&#8217;IN DA G\u00dcNDEM\u0130NDE<\/strong><\/p>\n<p> Manchester City ile kontrat\u0131 d\u00f6nem sonunda bitecek 31 ya\u015f\u0131ndaki futbolcu, Galatasaray&#8217;\u0131n da transfer g\u00fcndeminde yer al\u0131yor.<\/p>\n<p><strong>SEZON PERFORMANSI<\/strong><\/p>\n<p> Eski ekibi Benfica ile de ismi ge\u00e7en Bernardo Silva, Manchester City formas\u0131 alt\u0131nda bu d\u00f6nem 28 ma\u00e7ta 1 gol att\u0131 ve 2 asist yapt\u0131.<\/p>\n<\/div>\n","protected":false},"excerpt":{"rendered":"<p>Como, Manchester City formas\u0131 giyen ve Galatasaray&#8217;\u0131n da g\u00fcndemine gelen Bernardo Silva ile ilgileniyor.<\/p>\n","protected":false},"author":1,"featured_media":49087,"comment_status":"open","ping_status":"open","sticky":false,"template":"","format":"standard","meta":{"footnotes":""},"categories":[25],"tags":[],"class_list":["post-49086","post","type-post","status-publish","format-standard","has-post-thumbnail","hentry","category-futbol"],"_links":{"self":[{"href":"https:\/\/haberbesiktas.tr\/index.php?rest_route=\/wp\/v2\/posts\/49086","targetHints":{"allow":["GET"]}}],"collection":[{"href":"https:\/\/haberbesiktas.tr\/index.php?rest_route=\/wp\/v2\/posts"}],"about":[{"href":"https:\/\/haberbesiktas.tr\/index.php?rest_route=\/wp\/v2\/types\/post"}],"author":[{"embeddable":true,"href":"https:\/\/haberbesiktas.tr\/index.php?rest_route=\/wp\/v2\/users\/1"}],"replies":[{"embeddable":true,"href":"https:\/\/haberbesiktas.tr\/index.php?rest_route=%2Fwp%2Fv2%2Fcomments&post=49086"}],"version-history":[{"count":1,"href":"https:\/\/haberbesiktas.tr\/index.php?rest_route=\/wp\/v2\/posts\/49086\/revisions"}],"predecessor-version":[{"id":49088,"href":"https:\/\/haberbesiktas.tr\/index.php?rest_route=\/wp\/v2\/posts\/49086\/revisions\/49088"}],"wp:featuredmedia":[{"embeddable":true,"href":"https:\/\/haberbesiktas.tr\/index.php?rest_route=\/wp\/v2\/media\/49087"}],"wp:attachment":[{"href":"https:\/\/haberbesiktas.tr\/index.php?rest_route=%2Fwp%2Fv2%2Fmedia&parent=49086"}],"wp:term":[{"taxonomy":"category","embeddable":true,"href":"https:\/\/haberbesiktas.tr\/index.php?rest_route=%2Fwp%2Fv2%2Fcategories&post=49086"},{"taxonomy":"post_tag","embeddable":true,"href":"https:\/\/haberbesiktas.tr\/index.php?rest_route=%2Fwp%2Fv2%2Ftags&post=49086"}],"curies":[{"name":"wp","href":"https:\/\/api.w.org\/{rel}","templated":true}]}}