{"id":49160,"date":"2026-01-13T17:24:05","date_gmt":"2026-01-13T17:24:05","guid":{"rendered":"https:\/\/haberbesiktas.tr\/?p=49160"},"modified":"2026-01-13T17:24:05","modified_gmt":"2026-01-13T17:24:05","slug":"fenerbahceden-can-armando-guner-hamlesi-ilk-resmi-temas-kuruldu","status":"publish","type":"post","link":"https:\/\/haberbesiktas.tr\/?p=49160","title":{"rendered":"Fenerbah\u00e7e&#8217;den Can Armando G\u00fcner hamlesi! \u0130lk resmi temas kuruldu"},"content":{"rendered":"<div>Ara transfer periyodunun en hareketli gruplar\u0131ndan biri olan Fenerbah\u00e7e&#8217;de, taraftarlar\u0131 heyecanland\u0131ran bir geli\u015fme daha ya\u015fand\u0131.<\/p>\n<p> Sar\u0131-lacivertliler, Galatasaray&#8217;\u0131n bir m\u00fchlet g\u00fcndeminde yer alan gen\u00e7 yetenek Can Armando G\u00fcner i\u00e7in somut ad\u0131mlar atmaya ba\u015flad\u0131.<\/p>\n<p><strong>FENERBAH\u00c7E&#8217;DEN B\u0130R\u0130NC\u0130 RESM\u0130 G\u00d6R\u00dc\u015eME<\/strong><\/p>\n<p>TRT Spor&#8217;un aktard\u0131\u011f\u0131 bilgiye nazaran <strong>Fenerbah\u00e7e, 18 ya\u015f\u0131ndaki futbolcunun temsilcisiyle birinci resmi g\u00f6r\u00fc\u015fmesini ger\u00e7ekle\u015ftirdi.\u00a0<br \/><\/strong><\/p>\n<p><strong>G\u00d6ZLER A\u0130LE G\u00d6R\u00dc\u015eMES\u0130NDE<\/strong><\/p>\n<p>Yap\u0131lan g\u00f6r\u00fc\u015fmenin akabinde temsilcinin, Can Armando G\u00fcner ve ailesiyle temas kuraca\u011f\u0131 ve bu g\u00f6r\u00fc\u015fmelerin sonucuna nazaran Fenerbah\u00e7e&#8217;ye geri d\u00f6n\u00fc\u015f yapaca\u011f\u0131 belirtildi.\u00a0<strong>Olumlu bir cevap gelmesi halinde<\/strong>, sar\u0131-lacivertli kul\u00fcb\u00fcn\u00a0<strong>resmi teklif<\/strong>\u00a0a\u015famas\u0131na ge\u00e7ece\u011fi tabir edildi. <\/p>\n<p> <strong>YEN\u0130 B\u0130R TRANSFER SAVA\u015eI<\/strong><\/p>\n<p> Daha evvel Galatasaray&#8217;\u0131n transfer etmek \u00fczere \u0130stanbul&#8217;a getirdi\u011fi ancak kul\u00fcb\u00fc Borussia M\u00f6nchengladbach&#8217;\u0131n mukavele kaynakl\u0131 yapt\u0131r\u0131mlar\u0131 nedeniyle mutabakat sa\u011flanamayan Can Armando G\u00fcner i\u00e7in ibrenin bu sefer Fenerbah\u00e7e&#8217;ye d\u00f6nmesi, futbol kamuoyunda b\u00fcy\u00fck yank\u0131 uyand\u0131rd\u0131. Sar\u0131-k\u0131rm\u0131z\u0131l\u0131lar\u0131n geri ad\u0131m att\u0131\u011f\u0131 s\u00fcre\u00e7te oyuncu cephesinin Fenerbah\u00e7e ile temasa ge\u00e7mesi, ezeli rakipler ortas\u0131nda yeni bir transfer sava\u015f\u0131n\u0131n fitilini ate\u015fledi.<\/p>\n<p><strong>FENERBAH\u00c7E STRATEJ\u0130K G\u00d6R\u00dcYOR<\/strong><\/p>\n<p> Transfer periyodunda Matteo Guendouzi, Anthony Musaba ve Mert G\u00fcnok&#8217;u tak\u0131m\u0131na katan, ayr\u0131yeten N&#8217;Golo Kante i\u00e7in de temaslar\u0131n\u0131 s\u00fcrd\u00fcren Fenerbah\u00e7e, Can Armando G\u00fcner at\u0131l\u0131m\u0131yla gen\u00e7 ve potansiyelli bir ismi tak\u0131m\u0131na katmay\u0131 hedefliyor. \u0130dare, hem sportif hem de gelece\u011fe yat\u0131r\u0131m a\u00e7\u0131s\u0131ndan bu transferi stratejik g\u00f6r\u00fcyor.<\/p>\n<p><strong>D\u0130KKATLER\u0130 \u00dcZER\u0130NE \u00c7EKT\u0130<\/strong><\/p>\n<p> As\u0131l mevkisi sa\u011f kanat olan Can Armando G\u00fcner; sol kanat ve forvet ard\u0131nda da vazife yapabiliyor. 1.78 uzunlu\u011fundaki Arjantin ve T\u00fcrk as\u0131ll\u0131 Alman futbolcu, bu d\u00f6nem Borussia M\u00f6nchengladbach U19 grubuyla 14 ma\u00e7ta 4 gol ve 3 asist \u00fcreterek dikkatleri \u00fczerine \u00e7ekti. Gen\u00e7 oyuncunun Alman kul\u00fcb\u00fcyle olan kontrat\u0131 2026 y\u0131l\u0131na kadar devam ediyor.<\/p>\n<p><strong>\u00d6N\u00dcM\u00dcZDEK\u0130 G\u00dcNLERDE NETL\u0130K KAZANACAK<\/strong><\/p>\n<p> Fenerbah\u00e7e&#8217;nin, \u00dcst\u00fcn Kupa finalinde ma\u011flup etti\u011fi Galatasaray&#8217;a bu sefer transferde de \u00e7al\u0131m atma plan\u0131 yapt\u0131\u011f\u0131 belirtilirken, taraflar ortas\u0131ndaki g\u00f6r\u00fc\u015fmelerin \u00f6n\u00fcm\u00fczdeki g\u00fcnlerde netlik kazanmas\u0131 bekleniyor.\u00a0\u00a0<\/p>\n<\/div>\n","protected":false},"excerpt":{"rendered":"<p>Fenerbah\u00e7e, Galatasaray&#8217;\u0131n g\u00fcndemindeki gen\u00e7 yetenek Can Armando G\u00fcner i\u00e7in temsilcisiyle birinci resmi g\u00f6r\u00fc\u015fmeyi yaparak transferde somut ad\u0131m att\u0131.<\/p>\n","protected":false},"author":1,"featured_media":49161,"comment_status":"open","ping_status":"open","sticky":false,"template":"","format":"standard","meta":{"footnotes":""},"categories":[25],"tags":[3643,115,3717,48],"class_list":["post-49160","post","type-post","status-publish","format-standard","has-post-thumbnail","hentry","category-futbol","tag-can-armando-guner","tag-fenerbahce","tag-gorusme","tag-transfer"],"_links":{"self":[{"href":"https:\/\/haberbesiktas.tr\/index.php?rest_route=\/wp\/v2\/posts\/49160","targetHints":{"allow":["GET"]}}],"collection":[{"href":"https:\/\/haberbesiktas.tr\/index.php?rest_route=\/wp\/v2\/posts"}],"about":[{"href":"https:\/\/haberbesiktas.tr\/index.php?rest_route=\/wp\/v2\/types\/post"}],"author":[{"embeddable":true,"href":"https:\/\/haberbesiktas.tr\/index.php?rest_route=\/wp\/v2\/users\/1"}],"replies":[{"embeddable":true,"href":"https:\/\/haberbesiktas.tr\/index.php?rest_route=%2Fwp%2Fv2%2Fcomments&post=49160"}],"version-history":[{"count":1,"href":"https:\/\/haberbesiktas.tr\/index.php?rest_route=\/wp\/v2\/posts\/49160\/revisions"}],"predecessor-version":[{"id":49162,"href":"https:\/\/haberbesiktas.tr\/index.php?rest_route=\/wp\/v2\/posts\/49160\/revisions\/49162"}],"wp:featuredmedia":[{"embeddable":true,"href":"https:\/\/haberbesiktas.tr\/index.php?rest_route=\/wp\/v2\/media\/49161"}],"wp:attachment":[{"href":"https:\/\/haberbesiktas.tr\/index.php?rest_route=%2Fwp%2Fv2%2Fmedia&parent=49160"}],"wp:term":[{"taxonomy":"category","embeddable":true,"href":"https:\/\/haberbesiktas.tr\/index.php?rest_route=%2Fwp%2Fv2%2Fcategories&post=49160"},{"taxonomy":"post_tag","embeddable":true,"href":"https:\/\/haberbesiktas.tr\/index.php?rest_route=%2Fwp%2Fv2%2Ftags&post=49160"}],"curies":[{"name":"wp","href":"https:\/\/api.w.org\/{rel}","templated":true}]}}