{"id":49190,"date":"2026-01-13T19:24:12","date_gmt":"2026-01-13T19:24:12","guid":{"rendered":"https:\/\/haberbesiktas.tr\/?p=49190"},"modified":"2026-01-13T19:24:12","modified_gmt":"2026-01-13T19:24:12","slug":"xabi-alonso-real-madridde-neden-olmadi","status":"publish","type":"post","link":"https:\/\/haberbesiktas.tr\/?p=49190","title":{"rendered":"Xabi Alonso: Real Madrid&#8217;de neden olmad\u0131?"},"content":{"rendered":"<div>Real Madrid, al\u0131nan istikrars\u0131z sonu\u00e7lar\u0131n akabinde teknik y\u00f6neticisi Xabi Alonso ile yollar\u0131n\u0131 ay\u0131rd\u0131.<\/p>\n<p> \u0130spanyol grubu, Alonso&#8217;nun akabinde teknik y\u00f6neticilik vazifesine Real Madrid Castilla&#8217;y\u0131 \u00e7al\u0131\u015ft\u0131ran Alvaro Arbeloa&#8217;y\u0131 getirdi. [Ge\u00e7ici olarak]\n<p> The Athletic, Real Madrid&#8217;de Xabi Alonso ile ya\u015fanan s\u00fcreci mercek alt\u0131na ald\u0131.<\/p>\n<p><img decoding=\"async\" src=\"https:\/\/haberbesiktas.tr\/wp-content\/uploads\/2026\/01\/xabi-alonso-real-madridde-neden-olmadi-0-qjeFR7Nm.jpg\"\/> <\/p>\n<p> <strong>The Athletic&#8217;te &#8220;Xabi Alonso&#8217;nun taktikleri neden Real Madrid&#8217;de i\u015fe yaramad\u0131?&#8221; ba\u015fl\u0131\u011f\u0131yla yer alan haber \u015fu halde:<\/strong><\/p>\n<p> Yak\u0131n tarih, Real Madrid teknik y\u00f6neticili\u011fi vazifesinden yaln\u0131zca bir mak\u00fbs sonu\u00e7la g\u00f6nderilebilece\u011finizi g\u00f6steriyor.<\/p>\n<p> Xabi Alonso&#8217;nun Bernabeu&#8217;ya d\u00f6n\u00fc\u015f\u00fcyle birlikte optimistlik havas\u0131 hakim oldu ve birinci devrindeki performans\u0131 daha yeterli olamazd\u0131, ge\u00e7en yaz Kul\u00fcpler D\u00fcnya Kupas\u0131 \u00f6ncesinde misyonu devrald\u0131ktan sonra t\u00fcm turnuvalarda oynad\u0131\u011f\u0131 birinci 20 ma\u00e7\u0131n 17&#8217;sini kazand\u0131. Madrid, Kas\u0131m ay\u0131nda La Liga&#8217;da be\u015f puan farkla ba\u015fkand\u0131.<\/p>\n<p> Fakat 44 ya\u015f\u0131ndaki teknik adam, Pazar g\u00fcn\u00fc Suudi Arabistan&#8217;\u0131n Cidde kentinde oynanan \u0130spanya Harika Kupas\u0131 finalinde Barcelona&#8217;ya 3-2 yenildikten sonra Pazartesi g\u00fcn\u00fc misyonundan ayr\u0131ld\u0131 ve yerine Real Madrid&#8217;in gen\u00e7 grup teknik y\u00f6neticisi (ve eski Liverpool ve Madrid kadro arkada\u015f\u0131) Alvaro Arbeloa ge\u00e7ti.<\/p>\n<p> Ligde son \u015fampiyon Barcelona&#8217;n\u0131n yaln\u0131zca d\u00f6rt puan gerisinde olmas\u0131na ve \u015eampiyonlar Ligi&#8217;nde ilerlemek i\u00e7in g\u00fc\u00e7l\u00fc bir pozisyonda olmas\u0131na kar\u015f\u0131n, Alonso&#8217;nun ayr\u0131l\u0131\u011f\u0131, durumu hakk\u0131nda uzun m\u00fcddettir devam eden spek\u00fclasyonlar\u0131n akabinde geldi. Soyunma odas\u0131nda farkl\u0131l\u0131klar oldu\u011fu \u00fczere, alanda da zorluklar vard\u0131.<\/p>\n<p> Alonso, i\u015fini titiz bir bi\u00e7imde y\u00fcr\u00fct\u00fcr. Bu ayr\u0131nt\u0131c\u0131, sistem odakl\u0131 \u00fcslubu, 2023-24 d\u00f6neminde Bayer Leverkusen ile Bundesliga \u015fampiyonlu\u011funu kazanarak Almanya&#8217;da b\u00fcy\u00fck bir muvaffakiyete ula\u015fmas\u0131n\u0131 sa\u011flam\u0131\u015ft\u0131.<\/p>\n<p> Ger\u00e7ekte, Alonso ge\u00e7en yaz misyona geldi\u011finden beri hi\u00e7bir \u015fey ba\u015faramam\u0131\u015ft\u0131. O, fikirlerini gen\u00e7 bir tak\u0131ma a\u015f\u0131lamaya ba\u015flayan bir &#8220;proje y\u00f6neticisi&#8221; olarak biliniyordu, lakin \u0130spanya&#8217;n\u0131n ba\u015f\u015fehrinde sonu\u00e7lar her vakit \u00f6ncelikli olacakt\u0131r. Bu fikirleri tam olarak uygulamak i\u00e7in k\u00e2fi vakit olmadan tak\u0131ma de\u011fi\u015fiklik yapmak neredeyse imkans\u0131zd\u0131, fakat oyuncular\u0131n ve kul\u00fcp idaresinin memnuniyetsizli\u011fi \u00e7ok a\u011f\u0131r bast\u0131.<\/p>\n<p><img decoding=\"async\" src=\"https:\/\/haberbesiktas.tr\/wp-content\/uploads\/2026\/01\/xabi-alonso-real-madridde-neden-olmadi-1-YMBDJKBx.jpg\"\/><\/p>\n<p> <strong>Real Madrid asl\u0131nda ne istiyor?<\/strong><\/p>\n<p> Real Madrid&#8217;in teknik y\u00f6neticilerinin \u00f6mr\u00fc siyasi fakt\u00f6rlere ba\u011fl\u0131d\u0131r. Ba\u015far\u0131l\u0131 olan teknik y\u00f6neticiler, taktiksel \u00fclk\u00fclerinin g\u00fcc\u00fcyle de\u011fil, ekseriyetle \u00fcstlerinde ve altlar\u0131nda bulunanlar\u0131 y\u00f6netebilenlerdir.<\/p>\n<p> Tekrar de, Alonso&#8217;nun oyun plan\u0131ndaki kimi de\u011fi\u015fik ayr\u0131nt\u0131lar daha fazla incelenmeye paha. \u0130\u015fte Bernabeu&#8217;daki vazife m\u00fchletinin bir de\u011ferlendirmesi.<\/p>\n<p> Alonso, Madrid&#8217;e geldi\u011fi andan itibaren taktik plan\u0131n\u0131 olu\u015fturmaya ba\u015flam\u0131\u015ft\u0131. Ge\u00e7en yaz Amerika Birle\u015fik Devletleri&#8217;nde d\u00fczenlenen geni\u015fletilmi\u015f Kul\u00fcpler D\u00fcnya Kupas\u0131 s\u0131ras\u0131nda fikirlerinin temellerini atmakla g\u00f6revlendirilmi\u015fti.<\/p>\n<p> Madrid, a\u011f\u0131r ma\u00e7 takvimi \u00f6ncesinde fikirlerini denemek yahut fizik\u00ee kondisyonlar\u0131n\u0131 geli\u015ftirmek i\u00e7in ger\u00e7ek bir d\u00f6nem \u00f6ncesi haz\u0131rl\u0131k periyodu ge\u00e7iremedi\u011finden, rekabet\u00e7i ma\u00e7lar s\u0131ras\u0131nda forma, dizili\u015f ve tak\u0131m konusunda denemeler yapmak onun i\u00e7in tek ger\u00e7ek\u00e7i se\u00e7enekti.<\/p>\n<p> Bunun d\u00f6nem \u00f6ncesi haz\u0131rl\u0131k devrinin eksikli\u011finden kaynaklan\u0131p kaynaklanmad\u0131\u011f\u0131n\u0131 belirlemek s\u0131k\u0131nt\u0131, lakin Madrid&#8217;in sakatl\u0131klar\u0131 da i\u015fleri kolayla\u015ft\u0131rmad\u0131, bilhassa savunmada Antonio R\u00fcdiger, Eder Militao, Dani Carvajal, David Alaba, Dean Huijsen, Ferland Mendy ve Trent Alexander-Arnold d\u00f6nemin birinci yar\u0131s\u0131nda \u00e7e\u015fitli vakitlerde k\u0131ymetli eksiklikler oldu.<\/p>\n<p><img decoding=\"async\" src=\"https:\/\/haberbesiktas.tr\/wp-content\/uploads\/2026\/01\/xabi-alonso-real-madridde-neden-olmadi-2-qNgcCBxn.jpg\"\/><\/p>\n<p> Se\u00e7im ya da \u015fartlar nedeniyle, Alonso La Liga&#8217;da hi\u00e7 de\u011fi\u015fmeyen bir tak\u0131m a\u00e7\u0131klamad\u0131 ve ekipte ince ayarlamalar yapt\u0131, bu sezon ligde \u015fu ana kadar birinci 11&#8217;inde ma\u00e7 ba\u015f\u0131na ortalama 3,1 de\u011fi\u015fiklik yapt\u0131. Real Madrid, birinci on bir ve oyuncu de\u011fi\u015fiklikleri a\u00e7\u0131s\u0131ndan La Liga&#8217;da en tutars\u0131z ekiplerden biri olarak \u00f6ne \u00e7\u0131k\u0131yor.<\/p>\n<p> Bu tutars\u0131zl\u0131k vakit zaman alanda da g\u00f6r\u00fclebiliyordu. Alonso, k\u0131sa periyodik teknik y\u00f6neticilik vazifesinde, en yeterli oyuncular\u0131n\u0131 en \u00e2l\u00e2 durumlarda oynatmak ve t\u0131pk\u0131 vakitte top hakimiyetinde ve top kayb\u0131nda da i\u015fe yarayan bir sistem s\u00fcrd\u00fcrmek i\u00e7in \u00e7e\u015fitli dizili\u015fler ve formasyonlar denedi.<\/p>\n<p> Madrid, oyun kurma kademesinde, topun ilerlemesine ve dolan\u0131m\u0131na yard\u0131mc\u0131 olmak i\u00e7in \u00e7oklukla duruma nazaran \u00fc\u00e7l\u00fc savunma dizili\u015fi olu\u015fturdu. Bu, bilhassa savunma s\u0131n\u0131r\u0131nda \u00e7ok az oyuncunun sahip oldu\u011fu pas menziline sahip Huijsen ve Alexander-Arnold&#8217;un yoklu\u011funda ge\u00e7erliydi.<\/p>\n<p> Stoperler ayr\u0131l\u0131r ve orta saha oyuncusu Aurielien Tchouameni savunma \u00e7izgisine inerek 3-2-5 yahut 3-4(box)-3 dizili\u015fi olu\u015ftururdu. Bu dizili\u015f, Alonso&#8217;nun 2023-24 d\u00f6neminde Bayer Leverkusen&#8217;de Bundesliga&#8217;y\u0131 kazanan yenilmez kadrosunda kulland\u0131\u011f\u0131 dizili\u015fe benziyordu.<\/p>\n<p> Alaves ma\u00e7\u0131nda, Kylian Mbappe ve Rodrygo, Vinicius Junior&#8217;un gerisinde durumsal 10 numara olarak i\u00e7eriye yanl\u0131\u015fs\u0131z kay\u0131yor, fakat genel yap\u0131dan prensip a\u00e7\u0131k\u00e7a anla\u015f\u0131l\u0131yor.<\/p>\n<p> Bu d\u00f6nem boyunca Madrid&#8217;in oyun kurma bi\u00e7imleri ak\u0131c\u0131yd\u0131 ve bu da rakiplerine farkl\u0131 sorular sormalar\u0131na imkan tan\u0131d\u0131. \u00d6rne\u011fin, Tchouameni de topa ula\u015fmak i\u00e7in sol yar\u0131 alana \u00e7ekilecek ve \u00f6n\u00fcnde biraz farkl\u0131 yap\u0131lar olacak \u2014 Athletic Bilbao kar\u015f\u0131s\u0131nda daha \u00e7ok 3-5-2, Real Betis kar\u015f\u0131s\u0131nda ise d\u00fcz bir 3-4-3 hali.<\/p>\n<p> Bu d\u00f6nemin en de\u011ferli farkl\u0131l\u0131klar\u0131ndan biri, Alonso&#8217;nun sisteminde sa\u011f kanattan tempo belirleyen orta saha oyuncusuna kayd\u0131r\u0131lan Arda G\u00fcler&#8217;in rol\u00fc oldu.<\/p>\n<p> 20 ya\u015f\u0131ndaki T\u00fcrk ulusal oyuncu, rakibin presini k\u0131rmak i\u00e7in gerekli yarat\u0131c\u0131l\u0131k ve teknik maharetlere sahip, fakat durum anlay\u0131\u015f\u0131ndaki eksiklikleri riskler do\u011furabilir. T\u0131pk\u0131 \u015fey Madrid&#8217;in orta saha oyuncular\u0131n\u0131n her biri i\u00e7in de s\u00f6ylenebilir. \u0130leriye \u00e7\u0131kma yahut kanatlara kayma e\u011filimleri, orta sahay\u0131 bo\u015faltarak rakibin orta alanda yararlanabilece\u011fi bo\u015fluklar yaratabilir.<\/p>\n<p> Arda G\u00fcler, Alonso&#8217;nun geli\u015finden faydalan\u0131rken, teknik y\u00f6neticinin Jude Bellingham, Vinicius Jr yahut her vakit \u00f6zverili Federico Valverde \u00fczere kilit oyuncular\u0131ndan en \u00e2l\u00e2 bi\u00e7imde yararlanamad\u0131\u011f\u0131 hissi vard\u0131. Her iki ceza alan\u0131ndaki y\u0131ld\u0131z kalitesi vakit zaman Madrid&#8217;i kurtard\u0131, fakat hamledeki dinamik tam olarak oturmad\u0131.<\/p>\n<p><img decoding=\"async\" src=\"https:\/\/haberbesiktas.tr\/wp-content\/uploads\/2026\/01\/xabi-alonso-real-madridde-neden-olmadi-3-dZQVKxqL.jpg\"\/><\/p>\n<p> Mbappe ve Vinicius Jr, bu d\u00f6nem orta ve geni\u015f konumlar ortas\u0131nda d\u00f6n\u00fc\u015f\u00fcml\u00fc olarak oynayarak daha uyumlu bir ikili oldular, fakat daima sol kanattan yap\u0131lan hamleler, rakip grubun analistlerinin savunmada nereye odaklanmalar\u0131 gerekti\u011fini a\u00e7\u0131k\u00e7a ortaya koyuyor.<\/p>\n<p> Franco Mastantuono, Rodrygo, Brahim Diaz ve Valverde&#8217;nin d\u00f6n\u00fc\u015f\u00fcml\u00fc olarak oynad\u0131\u011f\u0131 sa\u011f kanat, birebir hamle g\u00fcc\u00fcn\u00fc sunamad\u0131 ve Alonso, Madrid&#8217;i son d\u00f6nemlerde bariz olan ataktaki dengesizli\u011finden kurtaramad\u0131.<\/p>\n<p> Mbappe \u00fczere d\u00fcnya \u00e7ap\u0131nda bir tehdit varken, bu dengesizlik tahminen kabul edilebilir.<\/p>\n<p> 18 lig ma\u00e7\u0131nda 18 gol atmas\u0131, Frans\u0131z ulusal oyuncunun bu d\u00f6nem ne kadar formda oldu\u011funu g\u00f6steriyor. Real Mallorca&#8217;dan Vedat Muriqi, Mbappe&#8217;nin %42&#8217;lik hissesinden daha y\u00fcksek bir hisseyle kadrosunun att\u0131\u011f\u0131 toplam gol say\u0131s\u0131nda birinci s\u0131rada yer al\u0131yor.<\/p>\n<p> Yeniden de, tek bir oyuncuya bu kadar b\u00fcy\u00fck bir y\u00fck binmesi, do\u011fal olarak grubun genel dinamikleri hakk\u0131nda sorular\u0131n ortaya \u00e7\u0131kmas\u0131na neden oluyor. Mbappe&#8217;nin golc\u00fc kimli\u011fi olumsuz olarak g\u00f6r\u00fclmemeli, lakin golleri kadro seviyesinde genel hamle istikrar\u0131n\u0131n bozulmas\u0131 de\u011ferine geliyorsa, bu durum Madrid&#8217;in atak g\u00fcc\u00fcn\u00fc etkisiz hale getirmeyi kolayla\u015ft\u0131rabilir.<\/p>\n<p> Bu durumda Madrid&#8217;in topu elinde tutamama sorunu da g\u00fcndeme geliyor.<\/p>\n<p> Alonso, Kul\u00fcpler D\u00fcnya Kupas\u0131 \u00f6ncesinde d\u00fczenledi\u011fi bas\u0131n toplant\u0131s\u0131nda, &#8220;Benim i\u00e7in a\u00e7\u0131k olan bir \u015fey var, o da hepimizin savunma yapmas\u0131 gerekti\u011fi. 11 oyuncunun tamam\u0131 savunmaya kat\u0131lmal\u0131&#8221; dedi.<\/p>\n<p> &#8220;Bir ortaya gelip nas\u0131l bask\u0131 yapacaklar\u0131n\u0131 bilmeleri gerekiyor. Bu olmadan \u00e7ok s\u0131k\u0131nt\u0131 olacak ve bu y\u00fczden hepimiz dahil oluyoruz. Vini Jr, Bellingham, Valverde, Mbappe, forvetler, savunma da bask\u0131 yapmal\u0131. Ne kadar yak\u0131n olursak, mesafelerimiz o kadar \u00e2l\u00e2 olur. Birinci s\u00f6yledi\u011fim \u015fey, bo\u015fluklar\u0131 ve atak ve savunma bi\u00e7imimizi g\u00fczelle\u015ftirmeliyiz.&#8221;<\/p>\n<p><img decoding=\"async\" src=\"https:\/\/haberbesiktas.tr\/wp-content\/uploads\/2026\/01\/xabi-alonso-real-madridde-neden-olmadi-4-EJUxs7KR.jpg\"\/><\/p>\n<p> Kadro seviyesinde, Madrid&#8217;in sahan\u0131n \u00fcst k\u0131sm\u0131nda topu geri kazanma maharetinde toplu bir geli\u015fme oldu. 90 dakikada hamle \u00fc\u00e7geninde kazand\u0131klar\u0131 5,4 top, yaln\u0131zca Athletic Bilbao taraf\u0131ndan ge\u00e7ildi, ge\u00e7en d\u00f6nem 90 dakikada 3,8&#8217;den de\u011ferli \u00f6l\u00e7\u00fcde art\u0131\u015f g\u00f6sterdi.<\/p>\n<p> 30 Kas\u0131m&#8217;da Girona ile 1-1 berabere kald\u0131klar\u0131 ma\u00e7ta g\u00f6r\u00fcld\u00fc\u011f\u00fc \u00fczere, Alonso&#8217;nun ekibi pres yaparken adam adama uygun oynuyor, yaln\u0131zca topu geri kazanmakla kalm\u0131yor, bunu bir hamle arac\u0131 olarak da kullan\u0131yor. Bu d\u00f6nem La Liga&#8217;da Madrid&#8217;in 41&#8217;inden daha fazla \u015futla sonu\u00e7lanan y\u00fcksek top kayb\u0131 ya\u015fayan di\u011fer bir ekip yok.<\/p>\n<p> Y\u00fcksek pres yapmad\u0131\u011f\u0131nda Madrid, Carlo Ancelotti periyoduna misal bir 4-4-2 dizili\u015fine ge\u00e7iyor ve Mbappe ile Vinicius Jr, savunma yap\u0131s\u0131n\u0131n en \u00fcst\u00fcnde yer al\u0131yor.<\/p>\n<p><img decoding=\"async\" src=\"https:\/\/haberbesiktas.tr\/wp-content\/uploads\/2026\/01\/xabi-alonso-real-madridde-neden-olmadi-5-vbgVIOkx.jpg\"\/><\/p>\n<p> Birinci i\u015faretler, her ikisinin de savunma vazifelerini yerine getirmek i\u00e7in daha fazla gayret g\u00f6sterdi\u011fini g\u00f6steriyordu, lakin d\u00f6nem ilerledik\u00e7e topu geri kazanma yo\u011funlu\u011fu azald\u0131. Ge\u00e7en d\u00f6nemin mak\u00fbs al\u0131\u015fkanl\u0131klar\u0131 tekrar ortaya \u00e7\u0131kt\u0131 ve rakibin ataklar\u0131n\u0131 kayna\u011f\u0131nda kesmek i\u00e7in topa \u00e7ok az bask\u0131 uyguland\u0131.<\/p>\n<p> Bunun bir \u00f6rne\u011fi, 14 Aral\u0131k&#8217;ta Alaves&#8217;e kar\u015f\u0131 2-1 kazan\u0131lan ma\u00e7ta g\u00f6r\u00fcld\u00fc. Orta saha oyuncusu Antonio Blanco, etraf\u0131nda hi\u00e7bir Madrid oyuncusu olmadan topu ald\u0131 ve savunma \u00e7izgisinin \u00fczerinden uzun bir pas att\u0131. Alaves bu kolay konumdan gol\u00fc buldu.<\/p>\n<p> Forvet Gonzalo Garcia, 21 ya\u015f\u0131ndaki bir oyuncunun co\u015fkusuna yak\u0131\u015f\u0131r bir formda topu kaybetmedi\u011finde azim g\u00f6stermi\u015ftir, lakin az m\u00fchlet almas\u0131 nedeniyle bu, d\u00f6nem boyunca yerle\u015fik bir model haline gelmemi\u015ftir. Gonzalo, Mbappe&#8217;nin hastal\u0131k nedeniyle ka\u00e7\u0131rd\u0131\u011f\u0131 Kul\u00fcpler D\u00fcnya Kupas\u0131&#8217;nda s\u00fcrpriz bir halde gol h\u00fck\u00fcmdar\u0131 olduktan sonra, Ocak ay\u0131 ba\u015f\u0131nda nadiren birinci on birde yer ald\u0131\u011f\u0131 Real Betis ma\u00e7\u0131nda kusursuz bir hat-trick yapm\u0131\u015ft\u0131r.<\/p>\n<p> Vinicius Jr ve Mbappe, Real Madrid&#8217;in kontra ataklar\u0131na haz\u0131rl\u0131kl\u0131 olmak i\u00e7in y\u00fcksekte kalman\u0131n daha uygun oldu\u011funu savunabilirler, lakin forvet s\u0131n\u0131r\u0131ndaki yo\u011funluk eksikli\u011fi \u00e7oklukla alanda daha derin bir tesir yarat\u0131r ve kadro arkada\u015flar\u0131n\u0131n rakibe kar\u015f\u0131 b\u00fcy\u00fck at\u0131l\u0131mlar yapmas\u0131 gerekir, lakin bunu ba\u015faramazlar.<\/p>\n<p><img decoding=\"async\" src=\"https:\/\/haberbesiktas.tr\/wp-content\/uploads\/2026\/01\/xabi-alonso-real-madridde-neden-olmadi-6-hzpKXG9v.jpg\"\/><\/p>\n<p> Agresiflik, Ancelotti idaresindeki Madrid kadrosunun en k\u0131ymetli \u00f6zelli\u011fiydi, lakin topun denetiminde yahut denetiminde olmayan durumlarda kompaktl\u0131k eksikli\u011fi sorun yaratabilir. Ferdi kalite birden fazla vakit \u00fcst\u00fcn gelir, lakin bu d\u00f6nem Madrid&#8217;in m\u00fcthi\u015f derecede savunmas\u0131z g\u00f6r\u00fcnd\u00fc\u011f\u00fc durumlar da oldu. Alonso, d\u00f6nemin ba\u015f\u0131nda bu olumsuz e\u011filimi durdurmak i\u00e7in efor sarf etti.<\/p>\n<p> Buraya nas\u0131l geldik?<\/p>\n<p> Tekrar de Alonso, her iki kadronun 90 dakikada beklenen gol fark\u0131n\u0131 (yarat\u0131lan ve yenilen f\u0131rsatlar\u0131n fark\u0131n\u0131 g\u00f6steren) inceledi\u011finde, bu s\u00fcrecin Madrid&#8217;de i\u015fe yarad\u0131\u011f\u0131n\u0131 belirtmekte hakl\u0131d\u0131r.<\/p>\n<p> Bu, genellikle tak\u0131mlar\u0131n lig tablosunda hak ettikleri yeri g\u00f6steren d\u00fczg\u00fcn bir g\u00f6stergedir. Madrid, ma\u00e7 ba\u015f\u0131na bir gol farkla rakiplerini geride b\u0131rakarak La Liga&#8217;da en y\u00fcksek say\u0131lar\u0131 elde etmi\u015ftir.<\/p>\n<p> Bu performans bir d\u00f6nem boyunca devam etseydi, s\u00fcrecin kupa ile sonu\u00e7lanaca\u011f\u0131n\u0131 g\u00f6sterebilirdi (garanti etmezdi). Alonso i\u00e7in ne yaz\u0131k ki, bunu art\u0131k asla bilemeyece\u011fiz.<\/p>\n<p><img decoding=\"async\" src=\"https:\/\/haberbesiktas.tr\/wp-content\/uploads\/2026\/01\/xabi-alonso-real-madridde-neden-olmadi-7-9p2vPZGS.jpg\"\/><\/p>\n<\/div>\n","protected":false},"excerpt":{"rendered":"<p>Real Madrid, teknik y\u00f6netici Xabi Alonso ile yollar\u0131n\u0131 ay\u0131rd\u0131. \u0130\u015fte \u0130spanyol teknik adam ile Real Madrid&#8217;de ya\u015fanan s\u00fcre\u00e7..<\/p>\n","protected":false},"author":1,"featured_media":49191,"comment_status":"open","ping_status":"open","sticky":false,"template":"","format":"standard","meta":{"footnotes":""},"categories":[25],"tags":[2983,1086,43,52,78],"class_list":["post-49190","post","type-post","status-publish","format-standard","has-post-thumbnail","hentry","category-futbol","tag-alonso","tag-madrid","tag-oyun","tag-takim","tag-top"],"_links":{"self":[{"href":"https:\/\/haberbesiktas.tr\/index.php?rest_route=\/wp\/v2\/posts\/49190","targetHints":{"allow":["GET"]}}],"collection":[{"href":"https:\/\/haberbesiktas.tr\/index.php?rest_route=\/wp\/v2\/posts"}],"about":[{"href":"https:\/\/haberbesiktas.tr\/index.php?rest_route=\/wp\/v2\/types\/post"}],"author":[{"embeddable":true,"href":"https:\/\/haberbesiktas.tr\/index.php?rest_route=\/wp\/v2\/users\/1"}],"replies":[{"embeddable":true,"href":"https:\/\/haberbesiktas.tr\/index.php?rest_route=%2Fwp%2Fv2%2Fcomments&post=49190"}],"version-history":[{"count":1,"href":"https:\/\/haberbesiktas.tr\/index.php?rest_route=\/wp\/v2\/posts\/49190\/revisions"}],"predecessor-version":[{"id":49200,"href":"https:\/\/haberbesiktas.tr\/index.php?rest_route=\/wp\/v2\/posts\/49190\/revisions\/49200"}],"wp:featuredmedia":[{"embeddable":true,"href":"https:\/\/haberbesiktas.tr\/index.php?rest_route=\/wp\/v2\/media\/49191"}],"wp:attachment":[{"href":"https:\/\/haberbesiktas.tr\/index.php?rest_route=%2Fwp%2Fv2%2Fmedia&parent=49190"}],"wp:term":[{"taxonomy":"category","embeddable":true,"href":"https:\/\/haberbesiktas.tr\/index.php?rest_route=%2Fwp%2Fv2%2Fcategories&post=49190"},{"taxonomy":"post_tag","embeddable":true,"href":"https:\/\/haberbesiktas.tr\/index.php?rest_route=%2Fwp%2Fv2%2Ftags&post=49190"}],"curies":[{"name":"wp","href":"https:\/\/api.w.org\/{rel}","templated":true}]}}