{"id":49204,"date":"2026-01-13T19:48:07","date_gmt":"2026-01-13T19:48:07","guid":{"rendered":"https:\/\/haberbesiktas.tr\/?p=49204"},"modified":"2026-01-13T19:48:07","modified_gmt":"2026-01-13T19:48:07","slug":"manisa-fk-hondurasli-futbolcu-alenis-vargasi-kiraladi","status":"publish","type":"post","link":"https:\/\/haberbesiktas.tr\/?p=49204","title":{"rendered":"Manisa FK, Hondurasl\u0131 futbolcu Alenis Vargas&#8217;\u0131 kiralad\u0131"},"content":{"rendered":"<div>\n<div>\n<div><span>TFF 1. Lig gruplar\u0131ndan Manisa FK, kanat oyuncusu Alenis Vargas&#8217;\u0131 kiral\u0131k olarak tak\u0131m\u0131na katt\u0131.<\/p>\n<p><\/span><\/div>\n<\/p><\/div>\n<div>\n<div> Kul\u00fcpten yap\u0131lan a\u00e7\u0131klamada, 22 ya\u015f\u0131ndaki Hondurasl\u0131 oyuncu Alenis Vargas ile sat\u0131n alma opsiyonuyla d\u00f6nem sonuna kadar kontrat imzaland\u0131\u011f\u0131 belirtildi.<\/p>\n<p> A\u00e7\u0131klamada, Vargas&#8217;a siyah-beyaz forma alt\u0131nda muvaffakiyetler dilendi.<\/p><\/div>\n<\/p><\/div>\n<\/div>\n","protected":false},"excerpt":{"rendered":"<p>Manisa FK, Vargas&#8217;\u0131 Finlandiya temsilcisi SJK Sein\u00e4joki kadrosundan sat\u0131n alma opsiyonuyla kiralad\u0131<\/p>\n","protected":false},"author":1,"featured_media":49205,"comment_status":"open","ping_status":"open","sticky":false,"template":"","format":"standard","meta":{"footnotes":""},"categories":[25],"tags":[],"class_list":["post-49204","post","type-post","status-publish","format-standard","has-post-thumbnail","hentry","category-futbol"],"_links":{"self":[{"href":"https:\/\/haberbesiktas.tr\/index.php?rest_route=\/wp\/v2\/posts\/49204","targetHints":{"allow":["GET"]}}],"collection":[{"href":"https:\/\/haberbesiktas.tr\/index.php?rest_route=\/wp\/v2\/posts"}],"about":[{"href":"https:\/\/haberbesiktas.tr\/index.php?rest_route=\/wp\/v2\/types\/post"}],"author":[{"embeddable":true,"href":"https:\/\/haberbesiktas.tr\/index.php?rest_route=\/wp\/v2\/users\/1"}],"replies":[{"embeddable":true,"href":"https:\/\/haberbesiktas.tr\/index.php?rest_route=%2Fwp%2Fv2%2Fcomments&post=49204"}],"version-history":[{"count":1,"href":"https:\/\/haberbesiktas.tr\/index.php?rest_route=\/wp\/v2\/posts\/49204\/revisions"}],"predecessor-version":[{"id":49206,"href":"https:\/\/haberbesiktas.tr\/index.php?rest_route=\/wp\/v2\/posts\/49204\/revisions\/49206"}],"wp:featuredmedia":[{"embeddable":true,"href":"https:\/\/haberbesiktas.tr\/index.php?rest_route=\/wp\/v2\/media\/49205"}],"wp:attachment":[{"href":"https:\/\/haberbesiktas.tr\/index.php?rest_route=%2Fwp%2Fv2%2Fmedia&parent=49204"}],"wp:term":[{"taxonomy":"category","embeddable":true,"href":"https:\/\/haberbesiktas.tr\/index.php?rest_route=%2Fwp%2Fv2%2Fcategories&post=49204"},{"taxonomy":"post_tag","embeddable":true,"href":"https:\/\/haberbesiktas.tr\/index.php?rest_route=%2Fwp%2Fv2%2Ftags&post=49204"}],"curies":[{"name":"wp","href":"https:\/\/api.w.org\/{rel}","templated":true}]}}