{"id":49207,"date":"2026-01-13T20:00:06","date_gmt":"2026-01-13T20:00:06","guid":{"rendered":"https:\/\/haberbesiktas.tr\/?p=49207"},"modified":"2026-01-13T20:00:06","modified_gmt":"2026-01-13T20:00:06","slug":"fenerbahceden-anlasma-can-armando-guner","status":"publish","type":"post","link":"https:\/\/haberbesiktas.tr\/?p=49207","title":{"rendered":"Fenerbah\u00e7e&#8217;den anla\u015fma: Can Armando G\u00fcner"},"content":{"rendered":"<div>Ara transfer periyodunun en hareketli tak\u0131mlar\u0131ndan biri olan Fenerbah\u00e7e&#8217;de, taraftarlar\u0131 heyecanland\u0131ran bir geli\u015fme daha ya\u015fand\u0131.<\/p>\n<p> Sar\u0131-lacivertliler, Galatasaray&#8217;\u0131n bir m\u00fchlet g\u00fcndeminde yer alan gen\u00e7 yetenek Can Armando G\u00fcner i\u00e7in somut ad\u0131mlar atmaya ba\u015flad\u0131.<\/p>\n<p><strong>FENERBAH\u00c7E MUAHEDE SA\u011eLADI<\/p>\n<p><\/strong>Fenerbah\u00e7e, 18 ya\u015f\u0131ndaki futbolcunun temsilcisiyle birinci resmi g\u00f6r\u00fc\u015fmesini ger\u00e7ekle\u015ftirdi.\u00a0\u00a0<\/p>\n<p> Oyuncunun menajeriyle yap\u0131lan g\u00f6r\u00fc\u015fmeler de olumlu ge\u00e7t ve Sar\u0131-Lacivertliler, Can Armando G\u00fcner i\u00e7in M\u00f6nchengladbach ile muahede sa\u011flad\u0131.<\/p>\n<p> M\u00f6nchengladbach, Can Armando G\u00fcner ve menajeriyle son bir g\u00f6r\u00fc\u015fme ger\u00e7ekle\u015ftirerek son karar verilecek. <\/p>\n<p> <strong>YEN\u0130 B\u0130R TRANSFER SAVA\u015eI<\/strong><\/p>\n<p> Daha evvel Galatasaray&#8217;\u0131n transfer etmek \u00fczere \u0130stanbul&#8217;a getirdi\u011fi ancak kul\u00fcb\u00fc Borussia M\u00f6nchengladbach&#8217;\u0131n kontrat kaynakl\u0131 yapt\u0131r\u0131mlar\u0131 nedeniyle muahede sa\u011flanamayan Can Armando G\u00fcner i\u00e7in ibrenin bu sefer Fenerbah\u00e7e&#8217;ye d\u00f6nmesi, futbol kamuoyunda b\u00fcy\u00fck yank\u0131 uyand\u0131rd\u0131. Sar\u0131-k\u0131rm\u0131z\u0131l\u0131lar\u0131n geri ad\u0131m att\u0131\u011f\u0131 s\u00fcre\u00e7te oyuncu cephesinin Fenerbah\u00e7e ile temasa ge\u00e7mesi, ezeli rakipler ortas\u0131nda yeni bir transfer sava\u015f\u0131n\u0131n fitilini ate\u015fledi.<\/p>\n<p><strong>FENERBAH\u00c7E STRATEJ\u0130K G\u00d6R\u00dcYOR<\/strong><\/p>\n<p> Transfer periyodunda Matteo Guendouzi, Anthony Musaba ve Mert G\u00fcnok&#8217;u tak\u0131m\u0131na katan, ayr\u0131yeten N&#8217;Golo Kante i\u00e7in de temaslar\u0131n\u0131 s\u00fcrd\u00fcren Fenerbah\u00e7e, Can Armando G\u00fcner ata\u011f\u0131yla gen\u00e7 ve potansiyelli bir ismi tak\u0131m\u0131na katmay\u0131 hedefliyor. \u0130dare, hem sportif hem de gelece\u011fe yat\u0131r\u0131m a\u00e7\u0131s\u0131ndan bu transferi stratejik g\u00f6r\u00fcyor.<\/p>\n<p><strong>D\u0130KKATLER\u0130 \u00dcZER\u0130NE \u00c7EKT\u0130<\/strong><\/p>\n<p> As\u0131l mevkisi sa\u011f kanat olan Can Armando G\u00fcner; sol kanat ve forvet ard\u0131nda da misyon yapabiliyor. 1.78 uzunlu\u011fundaki Arjantin ve T\u00fcrk as\u0131ll\u0131 Alman futbolcu, bu d\u00f6nem Borussia M\u00f6nchengladbach U19 grubuyla 14 ma\u00e7ta 4 gol ve 3 asist \u00fcreterek dikkatleri \u00fczerine \u00e7ekti. Gen\u00e7 oyuncunun Alman kul\u00fcb\u00fcyle olan mukavelesi 2026 y\u0131l\u0131na kadar devam ediyor.<br \/>\u00a0<\/p>\n<\/div>\n","protected":false},"excerpt":{"rendered":"<p>Fenerbah\u00e7e, Galatasaray&#8217;\u0131n g\u00fcndemindeki gen\u00e7 yetenek Can Armando G\u00fcner i\u00e7in temsilcisiyle birinci resmi g\u00f6r\u00fc\u015fmeyi yaparak transferde somut ad\u0131m att\u0131. Oyuncunun menajeriyle yap\u0131lan g\u00f6r\u00fc\u015fmeler  olumlu ge\u00e7ti ve Fenerbah\u00e7e, Can Armando G\u00fcner i\u00e7in M\u00f6nchengladbach ile mutabakat sa\u011flad\u0131.<\/p>\n","protected":false},"author":1,"featured_media":49208,"comment_status":"open","ping_status":"open","sticky":false,"template":"","format":"standard","meta":{"footnotes":""},"categories":[25],"tags":[3643,115,48],"class_list":["post-49207","post","type-post","status-publish","format-standard","has-post-thumbnail","hentry","category-futbol","tag-can-armando-guner","tag-fenerbahce","tag-transfer"],"_links":{"self":[{"href":"https:\/\/haberbesiktas.tr\/index.php?rest_route=\/wp\/v2\/posts\/49207","targetHints":{"allow":["GET"]}}],"collection":[{"href":"https:\/\/haberbesiktas.tr\/index.php?rest_route=\/wp\/v2\/posts"}],"about":[{"href":"https:\/\/haberbesiktas.tr\/index.php?rest_route=\/wp\/v2\/types\/post"}],"author":[{"embeddable":true,"href":"https:\/\/haberbesiktas.tr\/index.php?rest_route=\/wp\/v2\/users\/1"}],"replies":[{"embeddable":true,"href":"https:\/\/haberbesiktas.tr\/index.php?rest_route=%2Fwp%2Fv2%2Fcomments&post=49207"}],"version-history":[{"count":1,"href":"https:\/\/haberbesiktas.tr\/index.php?rest_route=\/wp\/v2\/posts\/49207\/revisions"}],"predecessor-version":[{"id":49209,"href":"https:\/\/haberbesiktas.tr\/index.php?rest_route=\/wp\/v2\/posts\/49207\/revisions\/49209"}],"wp:featuredmedia":[{"embeddable":true,"href":"https:\/\/haberbesiktas.tr\/index.php?rest_route=\/wp\/v2\/media\/49208"}],"wp:attachment":[{"href":"https:\/\/haberbesiktas.tr\/index.php?rest_route=%2Fwp%2Fv2%2Fmedia&parent=49207"}],"wp:term":[{"taxonomy":"category","embeddable":true,"href":"https:\/\/haberbesiktas.tr\/index.php?rest_route=%2Fwp%2Fv2%2Fcategories&post=49207"},{"taxonomy":"post_tag","embeddable":true,"href":"https:\/\/haberbesiktas.tr\/index.php?rest_route=%2Fwp%2Fv2%2Ftags&post=49207"}],"curies":[{"name":"wp","href":"https:\/\/api.w.org\/{rel}","templated":true}]}}