{"id":4921,"date":"2025-01-20T08:23:58","date_gmt":"2025-01-20T08:23:58","guid":{"rendered":"https:\/\/haberbesiktas.tr\/?p=4921"},"modified":"2025-01-20T08:23:58","modified_gmt":"2025-01-20T08:23:58","slug":"jose-mourinho-umarim-temiz-bir-mac-olur","status":"publish","type":"post","link":"https:\/\/haberbesiktas.tr\/?p=4921","title":{"rendered":"Jose Mourinho: &#8220;Umar\u0131m temiz bir ma\u00e7 olur&#8221;"},"content":{"rendered":"<div>Fenerbah\u00e7e Teknik Y\u00f6neticisi Jose Mourinho, Konyaspor m\u00fcsabakas\u0131 \u00f6ncesi a\u00e7\u0131klamalarda bulundu.<\/p>\n<p> Portekizli teknik adam, tak\u0131m\u0131yla ilgili, <strong>&#8220;Amrabat yok, \u0130smail yok. Bartu\u011f ile ba\u015flamay\u0131 tercih etmedim, Fred ve Szymanski ile oynayaca\u011f\u0131z. Al\u0131\u015f\u0131lm\u0131\u015f ki oyuncular farkl\u0131 lakin tekrar geriden \u00fc\u00e7l\u00fc formda oyun kuruyor olaca\u011f\u0131z.&#8221;<\/strong> tabirlerini kulland\u0131.<\/p>\n<p> Mourinho, ayr\u0131yeten, <strong>&#8220;Evlerinde g\u00fc\u00e7l\u00fc bir grup ile oynayaca\u011f\u0131z. Son vakitlerde defansa daha \u00e7ok e\u011filiyorlar, kontralarda s\u00fcratli oyuncular\u0131 kullan\u0131yorlar. G\u00fc\u00e7 bir ma\u00e7 olacak. Umar\u0131m ho\u015f ve pak bir ma\u00e7 olur. Meskenlerinde ve stadyumlarda ma\u00e7\u0131 izleyen herkes ger\u00e7ek biz futbol ma\u00e7\u0131 izledi\u011fi i\u00e7in memnun olur umar\u0131m.&#8221;<\/strong> kelamlar\u0131n\u0131 sarf etti.<\/p>\n<p> <strong>Fenerbah\u00e7e&#8217;nin Konyaspor kar\u015f\u0131s\u0131ndaki 11&#8217;i \u015fu formda:<\/p>\n<p><img decoding=\"async\" src=\"https:\/\/haberbesiktas.tr\/wp-content\/uploads\/2025\/01\/jose-mourinho-umarim-temiz-bir-mac-olur-0-bfQanU6E.jpg\"\/><br \/><\/strong><\/p>\n<\/div>\n","protected":false},"excerpt":{"rendered":"<p>Fenerbah\u00e7e Teknik Y\u00f6neticisi Jose Mourinho, Konyaspor m\u00fcsabakas\u0131 \u00f6ncesi konu\u015ftu.<\/p>\n","protected":false},"author":1,"featured_media":4922,"comment_status":"open","ping_status":"open","sticky":false,"template":"","format":"standard","meta":{"footnotes":""},"categories":[25],"tags":[],"class_list":["post-4921","post","type-post","status-publish","format-standard","has-post-thumbnail","hentry","category-futbol"],"_links":{"self":[{"href":"https:\/\/haberbesiktas.tr\/index.php?rest_route=\/wp\/v2\/posts\/4921","targetHints":{"allow":["GET"]}}],"collection":[{"href":"https:\/\/haberbesiktas.tr\/index.php?rest_route=\/wp\/v2\/posts"}],"about":[{"href":"https:\/\/haberbesiktas.tr\/index.php?rest_route=\/wp\/v2\/types\/post"}],"author":[{"embeddable":true,"href":"https:\/\/haberbesiktas.tr\/index.php?rest_route=\/wp\/v2\/users\/1"}],"replies":[{"embeddable":true,"href":"https:\/\/haberbesiktas.tr\/index.php?rest_route=%2Fwp%2Fv2%2Fcomments&post=4921"}],"version-history":[{"count":1,"href":"https:\/\/haberbesiktas.tr\/index.php?rest_route=\/wp\/v2\/posts\/4921\/revisions"}],"predecessor-version":[{"id":4924,"href":"https:\/\/haberbesiktas.tr\/index.php?rest_route=\/wp\/v2\/posts\/4921\/revisions\/4924"}],"wp:featuredmedia":[{"embeddable":true,"href":"https:\/\/haberbesiktas.tr\/index.php?rest_route=\/wp\/v2\/media\/4922"}],"wp:attachment":[{"href":"https:\/\/haberbesiktas.tr\/index.php?rest_route=%2Fwp%2Fv2%2Fmedia&parent=4921"}],"wp:term":[{"taxonomy":"category","embeddable":true,"href":"https:\/\/haberbesiktas.tr\/index.php?rest_route=%2Fwp%2Fv2%2Fcategories&post=4921"},{"taxonomy":"post_tag","embeddable":true,"href":"https:\/\/haberbesiktas.tr\/index.php?rest_route=%2Fwp%2Fv2%2Ftags&post=4921"}],"curies":[{"name":"wp","href":"https:\/\/api.w.org\/{rel}","templated":true}]}}