{"id":4925,"date":"2025-01-20T08:35:58","date_gmt":"2025-01-20T08:35:58","guid":{"rendered":"https:\/\/haberbesiktas.tr\/?p=4925"},"modified":"2025-01-20T08:35:58","modified_gmt":"2025-01-20T08:35:58","slug":"fatih-terim-ayriligi-acikladi","status":"publish","type":"post","link":"https:\/\/haberbesiktas.tr\/?p=4925","title":{"rendered":"Fatih Terim, ayr\u0131l\u0131\u011f\u0131 a\u00e7\u0131klad\u0131!"},"content":{"rendered":"<div>Suudi Arabistan Pro Ligi tak\u0131mlar\u0131ndan Al-Shabab&#8217;ta teknik y\u00f6neticilik vazifesinin ba\u015f\u0131na ge\u00e7en Fatih Terim, Al Riyadh ile oynanacak ma\u00e7 \u00f6ncesi a\u00e7\u0131klamalarda bulundu.<\/p>\n<p> Ligdeki birinci ma\u00e7\u0131ndan 3-2&#8217;lik yenilgiyle ayr\u0131lan tecr\u00fcbeli \u00e7al\u0131\u015ft\u0131r\u0131c\u0131, ma\u00e7 \u00f6ncesi yapt\u0131\u011f\u0131 a\u00e7\u0131klamalarda Gustavo Cuellar&#8217;\u0131n ekipten ayr\u0131laca\u011f\u0131n\u0131 s\u00f6yledi.<\/p>\n<p> Terim,<strong> &#8220;Gustavo Cuellar, mali s\u0131k\u0131nt\u0131lar\u0131n\u0131 bitirdikten sonra kul\u00fcpten ayr\u0131lmaya yak\u0131n&#8221;<\/strong> diye konu\u015ftu.<\/p>\n<p> 32 ya\u015f\u0131ndaki Cuellar, bu d\u00f6nem Al Shabab&#8217;ta 9 ma\u00e7ta m\u00fcddet buldu.<\/p>\n<\/div>\n","protected":false},"excerpt":{"rendered":"<p>Al Shabab Teknik Y\u00f6neticisi Fatih Terim, Gustavo Cuellar&#8217;\u0131n kadrodan ayr\u0131laca\u011f\u0131n\u0131 a\u00e7\u0131klad\u0131.<\/p>\n","protected":false},"author":1,"featured_media":4926,"comment_status":"open","ping_status":"open","sticky":false,"template":"","format":"standard","meta":{"footnotes":""},"categories":[25],"tags":[],"class_list":["post-4925","post","type-post","status-publish","format-standard","has-post-thumbnail","hentry","category-futbol"],"_links":{"self":[{"href":"https:\/\/haberbesiktas.tr\/index.php?rest_route=\/wp\/v2\/posts\/4925","targetHints":{"allow":["GET"]}}],"collection":[{"href":"https:\/\/haberbesiktas.tr\/index.php?rest_route=\/wp\/v2\/posts"}],"about":[{"href":"https:\/\/haberbesiktas.tr\/index.php?rest_route=\/wp\/v2\/types\/post"}],"author":[{"embeddable":true,"href":"https:\/\/haberbesiktas.tr\/index.php?rest_route=\/wp\/v2\/users\/1"}],"replies":[{"embeddable":true,"href":"https:\/\/haberbesiktas.tr\/index.php?rest_route=%2Fwp%2Fv2%2Fcomments&post=4925"}],"version-history":[{"count":1,"href":"https:\/\/haberbesiktas.tr\/index.php?rest_route=\/wp\/v2\/posts\/4925\/revisions"}],"predecessor-version":[{"id":4927,"href":"https:\/\/haberbesiktas.tr\/index.php?rest_route=\/wp\/v2\/posts\/4925\/revisions\/4927"}],"wp:featuredmedia":[{"embeddable":true,"href":"https:\/\/haberbesiktas.tr\/index.php?rest_route=\/wp\/v2\/media\/4926"}],"wp:attachment":[{"href":"https:\/\/haberbesiktas.tr\/index.php?rest_route=%2Fwp%2Fv2%2Fmedia&parent=4925"}],"wp:term":[{"taxonomy":"category","embeddable":true,"href":"https:\/\/haberbesiktas.tr\/index.php?rest_route=%2Fwp%2Fv2%2Fcategories&post=4925"},{"taxonomy":"post_tag","embeddable":true,"href":"https:\/\/haberbesiktas.tr\/index.php?rest_route=%2Fwp%2Fv2%2Ftags&post=4925"}],"curies":[{"name":"wp","href":"https:\/\/api.w.org\/{rel}","templated":true}]}}