{"id":4931,"date":"2025-01-20T08:59:57","date_gmt":"2025-01-20T08:59:57","guid":{"rendered":"https:\/\/haberbesiktas.tr\/?p=4931"},"modified":"2025-01-20T08:59:57","modified_gmt":"2025-01-20T08:59:57","slug":"parti-lideri-m-tel-avivin-madride-giris-engelini-istedi","status":"publish","type":"post","link":"https:\/\/haberbesiktas.tr\/?p=4931","title":{"rendered":"Parti lideri, M.Tel Aviv&#8217;in Madrid&#8217;e giri\u015f engelini istedi"},"content":{"rendered":"<div>\n<div> \u0130spanya&#8217;da muhalefetteki Podemos Partisinin lideri Ione Belarra, \u0130spanya \u0130\u00e7i\u015fleri ve D\u0131\u015fi\u015fleri Bakanl\u0131klar\u0131na mektup g\u00f6ndererek, Basketbol THY EuroLeague&#8217;de sal\u0131 g\u00fcn\u00fc Real Madrid ile kar\u015f\u0131la\u015facak \u0130srail&#8217;in Maccabi Tel Aviv grubunun Madrid&#8217;e giri\u015finin engellenmesini istedi.<\/p>\n<p> Belarra, iki bakanl\u0131\u011fa g\u00f6nderdi\u011fi taleple ilgili toplumsal medya hesab\u0131ndan yapt\u0131\u011f\u0131 a\u00e7\u0131klamada, &#8220;\u0130spanyol halk\u0131 y\u00fcksek sesle ve a\u00e7\u0131k bir formda, Filistin halk\u0131na kar\u015f\u0131 soyk\u0131r\u0131m yapan siyonistlerle t\u00fcm ilgilerin kesilmesini istemi\u015ftir. Bu soyk\u0131r\u0131ma takviye veren kelam konusu basketbol kadrosunun ve t\u00fcm \u0130srailli taraftar\u0131n\u0131n giri\u015fini engellemeliyiz.&#8221; ifadelerini kulland\u0131.<\/p>\n<p> Podemos lideri Belarra, Maccabi Tel Aviv grubu taraftarlar\u0131n\u0131n di\u011fer \u00fclkelerde &#8220;soyk\u0131r\u0131m\u0131 savunarak ve \u0130slamofobi&#8217;yi (M\u00fcsl\u00fcman d\u00fc\u015fmanl\u0131\u011f\u0131n\u0131) yayarak g\u00fcvenlik meselesine neden olduklar\u0131n\u0131&#8221; vurgularken, yar\u0131nki ma\u00e7 \u00f6ncesinde \u0130srail&#8217;i protesto etmek i\u00e7in \u0130spanyollar\u0131 ma\u00e7\u0131n oynanaca\u011f\u0131 spor salonunun \u00f6n\u00fcnde toplanmaya \u00e7a\u011f\u0131rd\u0131.<\/p>\n<p> \u00d6te yandan D\u0131\u015fi\u015fleri Bakan\u0131 Jose Manuel Albares, Belarra&#8217;n\u0131n davetiyle ilgili gazetecilerin y\u00f6neltti\u011fi soruya, Maccabi Tel Aviv&#8217;in Madrid&#8217;e giri\u015finin engellenmeyece\u011fini s\u00f6yledi.<\/p>\n<p> Albares, &#8220;soyk\u0131r\u0131m ve ter\u00f6rizmi savunan herkese kar\u015f\u0131 olduklar\u0131n\u0131 t\u0131pk\u0131 vakitte \u0130slamofobi ve Yahudi aksili\u011fine da kar\u015f\u0131 olduklar\u0131n\u0131 lakin sporun siyaset d\u0131\u015f\u0131nda b\u0131rak\u0131lmas\u0131 gerekti\u011fine inand\u0131\u011f\u0131n\u0131&#8221; kaydetti.<\/p>\n<p> Hollanda&#8217;n\u0131n ba\u015f\u015fehri Amsterdam&#8217;da UEFA Avrupa Ligi&#8217;nde 7 Kas\u0131m&#8217;da oynanan Ajax-Maccabi Tel Aviv ma\u00e7\u0131 \u00f6ncesinde ve esnas\u0131nda kimi \u0130srailli taraftarlar, Filistin destek\u00e7ilerine sald\u0131r\u0131p, provokasyonlarda bulunup olay \u00e7\u0131karm\u0131\u015ft\u0131.<\/p>\n<div>\u00a0<\/div>\n<\/p><\/div>\n<div>\u00a0<\/div>\n<\/div>\n","protected":false},"excerpt":{"rendered":"<p>\u0130spanya&#8217;da muhalefetteki Podemos Partisinin lideri Ione Belarra, Maccabi Tel Aviv ekibinin Madrid&#8217;e giri\u015finin engellenmesini istedi.<\/p>\n","protected":false},"author":1,"featured_media":4932,"comment_status":"open","ping_status":"open","sticky":false,"template":"","format":"standard","meta":{"footnotes":""},"categories":[10],"tags":[],"class_list":["post-4931","post","type-post","status-publish","format-standard","has-post-thumbnail","hentry","category-basketbol"],"_links":{"self":[{"href":"https:\/\/haberbesiktas.tr\/index.php?rest_route=\/wp\/v2\/posts\/4931","targetHints":{"allow":["GET"]}}],"collection":[{"href":"https:\/\/haberbesiktas.tr\/index.php?rest_route=\/wp\/v2\/posts"}],"about":[{"href":"https:\/\/haberbesiktas.tr\/index.php?rest_route=\/wp\/v2\/types\/post"}],"author":[{"embeddable":true,"href":"https:\/\/haberbesiktas.tr\/index.php?rest_route=\/wp\/v2\/users\/1"}],"replies":[{"embeddable":true,"href":"https:\/\/haberbesiktas.tr\/index.php?rest_route=%2Fwp%2Fv2%2Fcomments&post=4931"}],"version-history":[{"count":1,"href":"https:\/\/haberbesiktas.tr\/index.php?rest_route=\/wp\/v2\/posts\/4931\/revisions"}],"predecessor-version":[{"id":4933,"href":"https:\/\/haberbesiktas.tr\/index.php?rest_route=\/wp\/v2\/posts\/4931\/revisions\/4933"}],"wp:featuredmedia":[{"embeddable":true,"href":"https:\/\/haberbesiktas.tr\/index.php?rest_route=\/wp\/v2\/media\/4932"}],"wp:attachment":[{"href":"https:\/\/haberbesiktas.tr\/index.php?rest_route=%2Fwp%2Fv2%2Fmedia&parent=4931"}],"wp:term":[{"taxonomy":"category","embeddable":true,"href":"https:\/\/haberbesiktas.tr\/index.php?rest_route=%2Fwp%2Fv2%2Fcategories&post=4931"},{"taxonomy":"post_tag","embeddable":true,"href":"https:\/\/haberbesiktas.tr\/index.php?rest_route=%2Fwp%2Fv2%2Ftags&post=4931"}],"curies":[{"name":"wp","href":"https:\/\/api.w.org\/{rel}","templated":true}]}}