{"id":49326,"date":"2026-01-14T14:36:04","date_gmt":"2026-01-14T14:36:04","guid":{"rendered":"https:\/\/haberbesiktas.tr\/?p=49326"},"modified":"2026-01-14T14:36:04","modified_gmt":"2026-01-14T14:36:04","slug":"alvaro-arbeloadan-jose-mourinho-icin-flas-itiraf","status":"publish","type":"post","link":"https:\/\/haberbesiktas.tr\/?p=49326","title":{"rendered":"Alvaro Arbeloa&#8217;dan Jose Mourinho i\u00e7in fla\u015f itiraf!"},"content":{"rendered":"<div>\n<p>Real Madrid Teknik Y\u00f6neticisi Alvaro Arbeloa, vazifedeki birinci bas\u0131n toplant\u0131s\u0131nda dikkat \u00e7eken a\u00e7\u0131klamalarda bulundu. \u0130spanyol teknik adam, Jose Mourinho ile k\u0131yaslanmas\u0131na net bir kar\u015f\u0131l\u0131k vererek,<strong> &#8220;E\u011fer Mourinho olmak isteseydim, \u00e7ok a\u011f\u0131r bir bi\u00e7imde ba\u015far\u0131s\u0131z olurdum&#8221;<\/strong> dedi.<\/p>\n<p><strong>&#8220;SORUMLULU\u011eUMUN FARKINDAYIM&#8221;<\/strong><\/p>\n<p> Vazifeye geli\u015f s\u00fcrecini de anlatan Arbeloa, Real Madrid yedek kul\u00fcbesine oturaca\u011f\u0131n\u0131 resmi a\u00e7\u0131klamadan dakikalar evvel \u00f6\u011frendi\u011fini tabir etti.<strong> &#8220;D\u00fcn \u00f6\u011flenden sonra bana bu sorumlulu\u011fu almam\u0131 istediklerini s\u00f6ylediler. Bu benim i\u00e7in \u00e7ok \u00f6zel bir g\u00fcn ancak t\u0131pk\u0131 vakitte ne kadar b\u00fcy\u00fck bir sorumluluk ta\u015f\u0131d\u0131\u011f\u0131m\u0131n da fark\u0131nday\u0131m&#8221;<\/strong> diye konu\u015ftu. <\/p>\n<p> <strong>&#8220;MOURINHO OLMAYA \u00c7ALI\u015eSAM BA\u015eARISIZ OLURDUM&#8221;<\/strong><\/p>\n<p> Mourinho ile \u015fimdi konu\u015fmad\u0131\u011f\u0131n\u0131 belirten Arbeloa, Portekizli teknik adam\u0131n mesle\u011findeki tesirini \u015fu s\u00f6zlerle anlatt\u0131:<\/p>\n<p> <strong>&#8220;Onunla \u00e7al\u0131\u015fmak bir ayr\u0131cal\u0131kt\u0131. Mourinho benim \u00fczerimde \u00e7ok b\u00fcy\u00fck tesir b\u0131rakt\u0131, hala i\u00e7imde ta\u015f\u0131yorum. Fakat ben Alvaro Arbeloa olaca\u011f\u0131m. Ba\u015far\u0131s\u0131zl\u0131ktan korkmuyorum, hi\u00e7bir vakit da korkmad\u0131m. Mourinho olmaya \u00e7al\u0131\u015fsam feci halde ba\u015far\u0131s\u0131z olurdum.&#8221;<\/strong><\/p>\n<p> <strong>&#8220;BURASI BEN\u0130M EV\u0130M&#8221;<\/strong><\/p>\n<p> 42 ya\u015f\u0131ndaki teknik adam, kul\u00fcple olan ba\u011f\u0131n\u0131 vurgulayarak,<strong> &#8220;Bu kul\u00fcpte 20 y\u0131l\u0131m ge\u00e7ti. Real Madrid&#8217;de ge\u00e7irdi\u011fim her g\u00fcn \u00f6zeldi. Bug\u00fcn de o denli. Buras\u0131 benim konutum ve her vakit o denli kalacak&#8221;<\/strong> dedi.<\/p>\n<p> <strong>XABI ALONSO A\u00c7IKLAMASI<\/strong><\/p>\n<p> Arbeloa, selefi Xabi Alonso ile de g\u00f6r\u00fc\u015ft\u00fc\u011f\u00fcn\u00fc belirterek,<strong> &#8220;Aram\u0131zdaki dostlu\u011fu herkes biliyor. Birbirimizi \u00e7ok seviyor ve h\u00fcrmet duyuyoruz&#8221;<\/strong> s\u00f6zlerini kulland\u0131.<\/p>\n<p> <strong>&#8220;BU KUL\u00dcP KAZANMAYI MECBUR\u00ce KILAR&#8221;<\/strong><\/p>\n<p> Grubun mevcut durumuna de\u011finen gen\u00e7 teknik adam, soyunma odas\u0131na g\u00fcvendi\u011fini belirtti:<\/p>\n<p> <strong>&#8220;Harika bir tak\u0131m\u0131m\u0131z var. Real Madrid&#8217;i tarihin en b\u00fcy\u00fck kul\u00fcb\u00fc yapan \u015fey, kazanma k\u00fclt\u00fcr\u00fcd\u00fcr. Bu kul\u00fcp kazanmay\u0131, tekrar kazanmay\u0131 ve tekrar kazanmay\u0131 mecbur\u00ee k\u0131lar.&#8221;<\/strong><\/p>\n<p> Altyap\u0131ya da ba\u015fka bir parantez a\u00e7an Arbeloa, Real Madrid altyap\u0131s\u0131n\u0131 &#8220;d\u00fcnyan\u0131n en iyisi&#8221; olarak nitelendirdi ve gen\u00e7 oyunculara kap\u0131s\u0131n\u0131n a\u00e7\u0131k oldu\u011funu s\u00f6yledi.<\/p>\n<p> <strong>VINICUS JUNIOR \u0130\u00c7\u0130N \u00d6VG\u00dc<\/strong><\/p>\n<p> Bas\u0131n toplant\u0131s\u0131nda Vin\u00edcius Junior&#8217;a da \u00f6zel bir k\u0131s\u0131m ay\u0131ran Arbeloa,<strong> &#8220;Vinicius \u00fczere d\u00fcnyan\u0131n en belirleyici oyuncular\u0131ndan birine sahip olmak b\u00fcy\u00fck bir talih. G\u00fcl\u00fcmseyen, oyundan keyif alan, fark yaratan Vinicius&#8217;u g\u00f6rmek istiyoruz&#8221;<\/strong> dedi.<\/p>\n<p> <strong>&#8220;ONUNLA \u00c7ALI\u015eMAK B\u00dcY\u00dcK B\u0130R AYRICALIK&#8221;<\/strong><\/p>\n<p> Son olarak kondisyoner Antonio Pintus&#8217;un yine teknik gruba kat\u0131lmas\u0131n\u0131 k\u0131ymetlendiren Arbeloa,<strong> &#8220;Be\u015f \u015eampiyonlar Ligi kazanm\u0131\u015f, d\u00fcnyan\u0131n en g\u00fczellerinden biri. Onunla \u00e7al\u0131\u015fmak b\u00fcy\u00fck bir ayr\u0131cal\u0131k&#8221;<\/strong> kelamlar\u0131yla a\u00e7\u0131klamalar\u0131n\u0131 noktalad\u0131.<\/p>\n<p> Real Madrid&#8217;de Arbeloa devri resmen ba\u015flarken, gen\u00e7 teknik adam\u0131n bildirisi netti:<\/p>\n<p> <strong>&#8220;Bu herkes i\u00e7in yeni bir ba\u015flang\u0131\u00e7.&#8221;<\/strong><\/p>\n<\/div>\n","protected":false},"excerpt":{"rendered":"<p>Real Madrid Teknik Y\u00f6neticisi Alvaro Arbeloa, birinci bas\u0131n toplant\u0131s\u0131nda Jose Mourinho k\u0131yaslamalar\u0131na kar\u015f\u0131l\u0131k vererek, &#8220;Mourinho olmaya \u00e7al\u0131\u015fsam \u00e7ok a\u011f\u0131r bir halde ba\u015far\u0131s\u0131z olurdum, ben Arbeloa olaca\u011f\u0131m&#8221; dedi.<\/p>\n","protected":false},"author":1,"featured_media":49327,"comment_status":"open","ping_status":"open","sticky":false,"template":"","format":"standard","meta":{"footnotes":""},"categories":[25],"tags":[3731,1287,704,364,351],"class_list":["post-49326","post","type-post","status-publish","format-standard","has-post-thumbnail","hentry","category-futbol","tag-arbeloa","tag-kazanma","tag-mourinho","tag-real-madrid","tag-teknik"],"_links":{"self":[{"href":"https:\/\/haberbesiktas.tr\/index.php?rest_route=\/wp\/v2\/posts\/49326","targetHints":{"allow":["GET"]}}],"collection":[{"href":"https:\/\/haberbesiktas.tr\/index.php?rest_route=\/wp\/v2\/posts"}],"about":[{"href":"https:\/\/haberbesiktas.tr\/index.php?rest_route=\/wp\/v2\/types\/post"}],"author":[{"embeddable":true,"href":"https:\/\/haberbesiktas.tr\/index.php?rest_route=\/wp\/v2\/users\/1"}],"replies":[{"embeddable":true,"href":"https:\/\/haberbesiktas.tr\/index.php?rest_route=%2Fwp%2Fv2%2Fcomments&post=49326"}],"version-history":[{"count":1,"href":"https:\/\/haberbesiktas.tr\/index.php?rest_route=\/wp\/v2\/posts\/49326\/revisions"}],"predecessor-version":[{"id":49328,"href":"https:\/\/haberbesiktas.tr\/index.php?rest_route=\/wp\/v2\/posts\/49326\/revisions\/49328"}],"wp:featuredmedia":[{"embeddable":true,"href":"https:\/\/haberbesiktas.tr\/index.php?rest_route=\/wp\/v2\/media\/49327"}],"wp:attachment":[{"href":"https:\/\/haberbesiktas.tr\/index.php?rest_route=%2Fwp%2Fv2%2Fmedia&parent=49326"}],"wp:term":[{"taxonomy":"category","embeddable":true,"href":"https:\/\/haberbesiktas.tr\/index.php?rest_route=%2Fwp%2Fv2%2Fcategories&post=49326"},{"taxonomy":"post_tag","embeddable":true,"href":"https:\/\/haberbesiktas.tr\/index.php?rest_route=%2Fwp%2Fv2%2Ftags&post=49326"}],"curies":[{"name":"wp","href":"https:\/\/api.w.org\/{rel}","templated":true}]}}