{"id":49329,"date":"2026-01-14T21:48:07","date_gmt":"2026-01-14T21:48:07","guid":{"rendered":"https:\/\/haberbesiktas.tr\/?p=49329"},"modified":"2026-01-14T21:48:07","modified_gmt":"2026-01-14T21:48:07","slug":"istanbulspor-trabzonspor-muhtemel-11ler","status":"publish","type":"post","link":"https:\/\/haberbesiktas.tr\/?p=49329","title":{"rendered":"\u0130stanbulspor &#8211; Trabzonspor: Muhtemel 11&#8217;ler"},"content":{"rendered":"<div>\n<p>Trabzonspor, Ziraat T\u00fcrkiye Kupas\u0131 A K\u00fcmesi 2. hafta ma\u00e7\u0131nda 14 \u015eubat \u00c7ar\u015famba g\u00fcn\u00fc deplasmanda Trendyol 1. Lig tak\u0131mlar\u0131ndan \u0130stanbulspor&#8217;la kar\u015f\u0131la\u015facak\u00a0<\/p>\n<p> Esenyurt Necmi Kad\u0131o\u011flu Stad\u0131&#8217;nda saat 18.00&#8217;de ba\u015flayacak m\u00fcsabakay\u0131 Burak Demirk\u0131ran y\u00f6netecek. Gayret A Spor ekranlar\u0131ndan canl\u0131 olarak yay\u0131mlanacak.<\/p>\n<p> <strong>MUHTEMEL 11&#8217;LER\u00a0<\/strong> <\/p>\n<p> <strong>\u0130stanbulspor:<\/strong> Alp, Ayberk, Duran, Emrecan, \u0130zzet Ali, \u0130sa, Vorobjovas, Sambissa, \u00d6mer Faruk, Cham, Buyruk.<\/p>\n<p> <strong>Trabzonspor:<\/strong> Onuralp, Pina, Taha Emre, Batagov, Ozan, Nwaiwu, Bouchouari, Cihan, Sikan, Nwakaeme, Augusto.<\/p>\n<p> <img decoding=\"async\" src=\"https:\/\/haberbesiktas.tr\/wp-content\/uploads\/2026\/01\/istanbulspor-trabzonspor-muhtemel-11ler-0-7iKOfmJA.jpg\"\/><\/p>\n<p> K\u00fcmede birinci ma\u00e7\u0131nda Corendon Alanyaspor&#8217;a 1-0 ma\u011flup olan bordo-mavililer, rakibin yenerek k\u00fcmedeki birinci galibiyetini almak istiyor.<\/p>\n<p> Karadeniz grubu, \u00f6\u011flen saatlerinde tesislerinde yapaca\u011f\u0131 idmanla haz\u0131rl\u0131klar\u0131n\u0131 tamamlad\u0131ktan sonra \u00f6zel u\u00e7akla \u0130stanbul&#8217;a gidecek.<\/p>\n<p> <strong>SON 4 RESM\u0130 M\u00dcSABAKADA GAL\u0130P GELMED\u0130<\/strong><\/p>\n<p> Trabzonspor, S\u00fcper Lig, Ziraat T\u00fcrkiye Kupas\u0131 ve \u00dcst\u00fcn Kupa&#8217;da olmak \u00fczere son 4 resmi m\u00fcsabakada 3 yenilgi, 1 beraberlik alarak galip gelemedi.<\/p>\n<p> S\u00fcper Lig&#8217;de Be\u015fikta\u015f ile alan\u0131nda 3-3 berabere kalan deplasmanda Gen\u00e7lerbirli\u011fi&#8217;ne 4-3 ma\u011flup olan Karadeniz grubu, Ziraat T\u00fcrkiye Kupas\u0131&#8217;nda Corendon Alanyaspor&#8217;a 1-0, Harika Kupa yar\u0131 finalinde de Galatasaray&#8217;a 4-1 kaybetti.<\/p>\n<\/div>\n","protected":false},"excerpt":{"rendered":"<p>Trabzonspor, Ziraat T\u00fcrkiye Kupas\u0131 A K\u00fcmesi 2. hafta ma\u00e7\u0131nda deplasmanda 1. Lig gruplar\u0131ndan \u0130stanbulspor&#8217;la kar\u015f\u0131 kar\u015f\u0131ya gelecek.<\/p>\n","protected":false},"author":1,"featured_media":49330,"comment_status":"open","ping_status":"open","sticky":false,"template":"","format":"standard","meta":{"footnotes":""},"categories":[25],"tags":[120],"class_list":["post-49329","post","type-post","status-publish","format-standard","has-post-thumbnail","hentry","category-futbol","tag-kupa"],"_links":{"self":[{"href":"https:\/\/haberbesiktas.tr\/index.php?rest_route=\/wp\/v2\/posts\/49329","targetHints":{"allow":["GET"]}}],"collection":[{"href":"https:\/\/haberbesiktas.tr\/index.php?rest_route=\/wp\/v2\/posts"}],"about":[{"href":"https:\/\/haberbesiktas.tr\/index.php?rest_route=\/wp\/v2\/types\/post"}],"author":[{"embeddable":true,"href":"https:\/\/haberbesiktas.tr\/index.php?rest_route=\/wp\/v2\/users\/1"}],"replies":[{"embeddable":true,"href":"https:\/\/haberbesiktas.tr\/index.php?rest_route=%2Fwp%2Fv2%2Fcomments&post=49329"}],"version-history":[{"count":1,"href":"https:\/\/haberbesiktas.tr\/index.php?rest_route=\/wp\/v2\/posts\/49329\/revisions"}],"predecessor-version":[{"id":49332,"href":"https:\/\/haberbesiktas.tr\/index.php?rest_route=\/wp\/v2\/posts\/49329\/revisions\/49332"}],"wp:featuredmedia":[{"embeddable":true,"href":"https:\/\/haberbesiktas.tr\/index.php?rest_route=\/wp\/v2\/media\/49330"}],"wp:attachment":[{"href":"https:\/\/haberbesiktas.tr\/index.php?rest_route=%2Fwp%2Fv2%2Fmedia&parent=49329"}],"wp:term":[{"taxonomy":"category","embeddable":true,"href":"https:\/\/haberbesiktas.tr\/index.php?rest_route=%2Fwp%2Fv2%2Fcategories&post=49329"},{"taxonomy":"post_tag","embeddable":true,"href":"https:\/\/haberbesiktas.tr\/index.php?rest_route=%2Fwp%2Fv2%2Ftags&post=49329"}],"curies":[{"name":"wp","href":"https:\/\/api.w.org\/{rel}","templated":true}]}}