{"id":4934,"date":"2025-01-20T09:35:59","date_gmt":"2025-01-20T09:35:59","guid":{"rendered":"https:\/\/haberbesiktas.tr\/?p=4934"},"modified":"2025-01-20T09:35:59","modified_gmt":"2025-01-20T09:35:59","slug":"fenerbahce-tarihinin-en-erken-golunu-yedi","status":"publish","type":"post","link":"https:\/\/haberbesiktas.tr\/?p=4934","title":{"rendered":"Fenerbah\u00e7e, tarihinin en erken gol\u00fcn\u00fc yedi"},"content":{"rendered":"<div>Fenerbah\u00e7e, Konyaspor&#8217;a kar\u015f\u0131 tarihe ge\u00e7en bir gol yedi.<br \/> 25. saniyede Kramer&#8217;in pas\u0131yla sa\u011f \u00e7aprazdan ceza alan\u0131na giren Pedrinho, d\u00fczg\u00fcn bir vuru\u015fla topu a\u011flara g\u00f6nderdi.<\/p>\n<p>Bu gol ile birlikte Fenerbah\u00e7e, S\u00fcper Lig tarihinde yedi\u011fi en erken gol\u00fc yemi\u015f oldu.<\/p>\n<p> Pedrinho&#8217;nun gol\u00fc, bu sezonki en erken ikinci gol oldu. (En erken gol\u00fc Be\u015fikta\u015f&#8217;a kar\u015f\u0131 Antalyaspor formas\u0131 giyen Samudio ma\u00e7\u0131n 24. saniyesinde atm\u0131\u015ft\u0131)<\/p>\n<\/div>\n","protected":false},"excerpt":{"rendered":"<p>Fenerbah\u00e7e, Konyaspor&#8217;a kar\u015f\u0131 S\u00fcper Lig tarihinde yedi\u011fi en erken gol\u00fc yemi\u015f oldu.<\/p>\n","protected":false},"author":1,"featured_media":4935,"comment_status":"open","ping_status":"open","sticky":false,"template":"","format":"standard","meta":{"footnotes":""},"categories":[25],"tags":[77],"class_list":["post-4934","post","type-post","status-publish","format-standard","has-post-thumbnail","hentry","category-futbol","tag-gol"],"_links":{"self":[{"href":"https:\/\/haberbesiktas.tr\/index.php?rest_route=\/wp\/v2\/posts\/4934","targetHints":{"allow":["GET"]}}],"collection":[{"href":"https:\/\/haberbesiktas.tr\/index.php?rest_route=\/wp\/v2\/posts"}],"about":[{"href":"https:\/\/haberbesiktas.tr\/index.php?rest_route=\/wp\/v2\/types\/post"}],"author":[{"embeddable":true,"href":"https:\/\/haberbesiktas.tr\/index.php?rest_route=\/wp\/v2\/users\/1"}],"replies":[{"embeddable":true,"href":"https:\/\/haberbesiktas.tr\/index.php?rest_route=%2Fwp%2Fv2%2Fcomments&post=4934"}],"version-history":[{"count":1,"href":"https:\/\/haberbesiktas.tr\/index.php?rest_route=\/wp\/v2\/posts\/4934\/revisions"}],"predecessor-version":[{"id":4936,"href":"https:\/\/haberbesiktas.tr\/index.php?rest_route=\/wp\/v2\/posts\/4934\/revisions\/4936"}],"wp:featuredmedia":[{"embeddable":true,"href":"https:\/\/haberbesiktas.tr\/index.php?rest_route=\/wp\/v2\/media\/4935"}],"wp:attachment":[{"href":"https:\/\/haberbesiktas.tr\/index.php?rest_route=%2Fwp%2Fv2%2Fmedia&parent=4934"}],"wp:term":[{"taxonomy":"category","embeddable":true,"href":"https:\/\/haberbesiktas.tr\/index.php?rest_route=%2Fwp%2Fv2%2Fcategories&post=4934"},{"taxonomy":"post_tag","embeddable":true,"href":"https:\/\/haberbesiktas.tr\/index.php?rest_route=%2Fwp%2Fv2%2Ftags&post=4934"}],"curies":[{"name":"wp","href":"https:\/\/api.w.org\/{rel}","templated":true}]}}