{"id":49342,"date":"2026-01-14T22:36:06","date_gmt":"2026-01-14T22:36:06","guid":{"rendered":"https:\/\/haberbesiktas.tr\/?p=49342"},"modified":"2026-01-14T22:36:06","modified_gmt":"2026-01-14T22:36:06","slug":"galatasarayin-italya-seferi","status":"publish","type":"post","link":"https:\/\/haberbesiktas.tr\/?p=49342","title":{"rendered":"Galatasaray&#8217;\u0131n \u0130talya seferi"},"content":{"rendered":"<div>Galatasay, transferde gaza bast\u0131.<\/p>\n<p> Orta alana destek yapmay\u0131 hedefleyen Galatasaray&#8217;da yeni aday Youssouf Fofana. Sportif A\u015e Ba\u015fkanvekili Abdullah Kavukcu, Teknik Y\u00f6netici Okan Buruk&#8217;un istedi\u011fi Fofana i\u00e7in \u0130talya&#8217;ya u\u00e7tu. <br \/>Milan idaresiyle masaya oturacak olan Kavukcu, piyasa bedeli 28 milyon Euro olan 27 ya\u015f\u0131ndaki Frans\u0131z y\u0131ld\u0131z i\u00e7in 25 milyon Euro teklif yapacak.<\/p>\n<p> 2028&#8217;e kadar kontrat\u0131 bulunan Fofana konusunda Milan&#8217;dan gelecek kar\u015f\u0131l\u0131\u011fa nazaran g\u00f6r\u00fc\u015fmeler \u015fekillenecek. \u0130talyan bas\u0131n\u0131 da transfer g\u00f6r\u00fc\u015fmelerinin ba\u015flad\u0131\u011f\u0131n\u0131 duyurdu. <\/p>\n<p> Strasbourg ve Monaco formalar\u0131 da giyen y\u0131ld\u0131z futbolcu, 2024&#8217;te 26 milyon Euro kar\u015f\u0131l\u0131\u011f\u0131nda Milan&#8217;a imza atm\u0131\u015ft\u0131. Fransa Ulusal Grubu&#8217;nda ise 25 ma\u00e7a \u00e7\u0131kan Fofana&#8217;n\u0131n 3 gol\u00fc bulunuyor.<\/p>\n<p> <span><strong>LOOKMAN&#8217;A H\u00dcCUM<\/strong><\/span><\/p>\n<p>\u0130talya&#8217;ya transfer \u00e7\u0131karmas\u0131 yapan Galatasaray idaresi, Ademola Lookman i\u00e7in de temaslarda bulunacak. \u00c7izme bas\u0131n\u0131ndan Di Marzio, &#8220;Lookman&#8217;a Galatasaray&#8217;dan g\u00fc\u00e7l\u00fc bir ilgi var&#8221; diyerek haberi duyurdu.<\/p>\n<p> Atalanta&#8217;n\u0131n Atletico Madrid&#8217;den yapt\u0131\u011f\u0131 Raspadori transferinin akabinde Nijeryal\u0131 y\u0131ld\u0131z\u0131n ayr\u0131l\u0131\u011f\u0131na onay verilece\u011fi belirtildi.<\/p>\n<p> <span><strong>\u0130TALYA&#8217;DAN 3 YILDIZ DAHA<\/strong><\/span><\/p>\n<p> \u0130talyan muhabir Di Marzio&#8217;ya nazaran; bu 2 oyuncu d\u0131\u015f\u0131nda Galatasaray, Inter&#8217;den Davide Frattesi, Atalanta&#8217;dan Ederson ve Udinese&#8217;den Keinan Davis ile de ilgileniyor.<\/p>\n<blockquote class=\"twitter-tweet\" data-width=\"500\" data-dnt=\"true\">\n<p lang=\"tr\" dir=\"ltr\">\ud83d\udca5TRANSFER, GALATASARAY<\/p>\n<p>Galatasaray Ba\u015fkan Yard\u0131mc\u0131s\u0131 Abdullah Kavuk\u00e7u ve Y\u00f6netici U\u011fur Y\u0131ld\u0131z, transfer g\u00f6r\u00fc\u015fmeleri i\u00e7in Milano\u2019da bulunuyor. Menajer George Gardi de toplant\u0131lara dahil oldu.<a href=\"https:\/\/t.co\/55KdjAhGN3\" rel=\"nofollow\">pic.twitter.com\/55KdjAhGN3<\/a><\/p>\n<p>&mdash; Sporx (@sporx) <a href=\"https:\/\/twitter.com\/sporx\/status\/2011146755925328240?ref_src=twsrc%5Etfw\" rel=\"nofollow noopener\" target=\"_blank\">January 13, 2026<\/a><\/p><\/blockquote>\n<p><script async src=\"https:\/\/platform.twitter.com\/widgets.js\" charset=\"utf-8\"><\/script><\/p>\n<\/p><\/div>\n","protected":false},"excerpt":{"rendered":"<p>Galatasaray&#8217;\u0131n Sportif A\u015e Ba\u015fkanvekili Abdullah Kavukcu, Milano&#8217;ya gitti. Maksattaki 5 isim birden var.<\/p>\n","protected":false},"author":1,"featured_media":49344,"comment_status":"open","ping_status":"open","sticky":false,"template":"","format":"standard","meta":{"footnotes":""},"categories":[25],"tags":[],"class_list":["post-49342","post","type-post","status-publish","format-standard","has-post-thumbnail","hentry","category-futbol"],"_links":{"self":[{"href":"https:\/\/haberbesiktas.tr\/index.php?rest_route=\/wp\/v2\/posts\/49342","targetHints":{"allow":["GET"]}}],"collection":[{"href":"https:\/\/haberbesiktas.tr\/index.php?rest_route=\/wp\/v2\/posts"}],"about":[{"href":"https:\/\/haberbesiktas.tr\/index.php?rest_route=\/wp\/v2\/types\/post"}],"author":[{"embeddable":true,"href":"https:\/\/haberbesiktas.tr\/index.php?rest_route=\/wp\/v2\/users\/1"}],"replies":[{"embeddable":true,"href":"https:\/\/haberbesiktas.tr\/index.php?rest_route=%2Fwp%2Fv2%2Fcomments&post=49342"}],"version-history":[{"count":1,"href":"https:\/\/haberbesiktas.tr\/index.php?rest_route=\/wp\/v2\/posts\/49342\/revisions"}],"predecessor-version":[{"id":49345,"href":"https:\/\/haberbesiktas.tr\/index.php?rest_route=\/wp\/v2\/posts\/49342\/revisions\/49345"}],"wp:featuredmedia":[{"embeddable":true,"href":"https:\/\/haberbesiktas.tr\/index.php?rest_route=\/wp\/v2\/media\/49344"}],"wp:attachment":[{"href":"https:\/\/haberbesiktas.tr\/index.php?rest_route=%2Fwp%2Fv2%2Fmedia&parent=49342"}],"wp:term":[{"taxonomy":"category","embeddable":true,"href":"https:\/\/haberbesiktas.tr\/index.php?rest_route=%2Fwp%2Fv2%2Fcategories&post=49342"},{"taxonomy":"post_tag","embeddable":true,"href":"https:\/\/haberbesiktas.tr\/index.php?rest_route=%2Fwp%2Fv2%2Ftags&post=49342"}],"curies":[{"name":"wp","href":"https:\/\/api.w.org\/{rel}","templated":true}]}}