{"id":49352,"date":"2026-01-14T23:12:06","date_gmt":"2026-01-14T23:12:06","guid":{"rendered":"https:\/\/haberbesiktas.tr\/?p=49352"},"modified":"2026-01-14T23:12:06","modified_gmt":"2026-01-14T23:12:06","slug":"galatasaraydan-osimhene-ozel-ucak-plani","status":"publish","type":"post","link":"https:\/\/haberbesiktas.tr\/?p=49352","title":{"rendered":"Galatasaray&#8217;dan Osimhen&#8217;e \u00f6zel u\u00e7ak plan\u0131"},"content":{"rendered":"<div>UEFA \u015eampiyon Ligi&#8217;nde 21 Ocak&#8217;taki Atletico Madrid ma\u00e7\u0131n\u0131 d\u00fc\u015f\u00fcnen Galatasaray idaresi, Victor Osimhen&#8217;i bu ma\u00e7a \u00e7abucak yeti\u015ftirmek istiyor.<\/p>\n<p> \u0130dare Nijerya&#8217;n\u0131n bu ak\u015fam Fas&#8217;a yar\u0131 finalde elenmesi halinde Osimhen&#8217;i per\u015fembe g\u00fcn\u00fc Fas&#8217;tan \u00f6zel u\u00e7akla al\u0131p \u0130stanbul&#8217;a getirecek.<\/p>\n<p> Nijerya 18 Ocak&#8217;ta oynanacak finalde \u015fampiyon olursa, 19 Ocak&#8217;ta \u00fclkesindeki kutlamalar\u0131n akabinde \u0130stanbul&#8217;a getirilecek ve 21 Ocak&#8217;taki Atletico Madrid ma\u00e7\u0131na yeti\u015fecek.<\/p>\n<p> Victor Osimhen, att\u0131\u011f\u0131 4 golle Afrika Uluslar Kupas\u0131&#8217;n\u0131n en golc\u00fc ikinci oyuncu olarak performans\u0131n\u0131 korudu.<\/p>\n<\/div>\n","protected":false},"excerpt":{"rendered":"<p>Galatasaray, Nijerya&#8217;n\u0131n Afrika Uluslar Kupas\u0131&#8217;ndaki durumuna nazaran Victor Osimhen&#8217;i getirmek i\u00e7in \u00f6zel u\u00e7ak plan\u0131n\u0131 haz\u0131rlad\u0131.<\/p>\n","protected":false},"author":1,"featured_media":49353,"comment_status":"open","ping_status":"open","sticky":false,"template":"","format":"standard","meta":{"footnotes":""},"categories":[25],"tags":[],"class_list":["post-49352","post","type-post","status-publish","format-standard","has-post-thumbnail","hentry","category-futbol"],"_links":{"self":[{"href":"https:\/\/haberbesiktas.tr\/index.php?rest_route=\/wp\/v2\/posts\/49352","targetHints":{"allow":["GET"]}}],"collection":[{"href":"https:\/\/haberbesiktas.tr\/index.php?rest_route=\/wp\/v2\/posts"}],"about":[{"href":"https:\/\/haberbesiktas.tr\/index.php?rest_route=\/wp\/v2\/types\/post"}],"author":[{"embeddable":true,"href":"https:\/\/haberbesiktas.tr\/index.php?rest_route=\/wp\/v2\/users\/1"}],"replies":[{"embeddable":true,"href":"https:\/\/haberbesiktas.tr\/index.php?rest_route=%2Fwp%2Fv2%2Fcomments&post=49352"}],"version-history":[{"count":1,"href":"https:\/\/haberbesiktas.tr\/index.php?rest_route=\/wp\/v2\/posts\/49352\/revisions"}],"predecessor-version":[{"id":49354,"href":"https:\/\/haberbesiktas.tr\/index.php?rest_route=\/wp\/v2\/posts\/49352\/revisions\/49354"}],"wp:featuredmedia":[{"embeddable":true,"href":"https:\/\/haberbesiktas.tr\/index.php?rest_route=\/wp\/v2\/media\/49353"}],"wp:attachment":[{"href":"https:\/\/haberbesiktas.tr\/index.php?rest_route=%2Fwp%2Fv2%2Fmedia&parent=49352"}],"wp:term":[{"taxonomy":"category","embeddable":true,"href":"https:\/\/haberbesiktas.tr\/index.php?rest_route=%2Fwp%2Fv2%2Fcategories&post=49352"},{"taxonomy":"post_tag","embeddable":true,"href":"https:\/\/haberbesiktas.tr\/index.php?rest_route=%2Fwp%2Fv2%2Ftags&post=49352"}],"curies":[{"name":"wp","href":"https:\/\/api.w.org\/{rel}","templated":true}]}}