{"id":49355,"date":"2026-01-14T23:24:07","date_gmt":"2026-01-14T23:24:07","guid":{"rendered":"https:\/\/haberbesiktas.tr\/?p=49355"},"modified":"2026-01-14T23:24:07","modified_gmt":"2026-01-14T23:24:07","slug":"galatasaray-daikin-tur-icin-sahada","status":"publish","type":"post","link":"https:\/\/haberbesiktas.tr\/?p=49355","title":{"rendered":"Galatasaray Daikin tur i\u00e7in sahada"},"content":{"rendered":"<p>Galatasaray Daikin Bayan Voleybol Kadrosu, 2025-2026 d\u00f6nemi CEV Cup 8&#8217;li Finaller \u00c7e\u015fidi r\u00f6van\u015f ma\u00e7\u0131nda Darta Bevo Roeselare tak\u0131m\u0131n\u0131 konuk edecek.<\/p>\n<p> 14 Ocak \u00c7ar\u015famba g\u00fcn\u00fc TVF Burhan Felek Vestel Voleybol Salonu&#8217;nda oynanacak u\u011fra\u015f 19.30&#8217;da ba\u015flayacak.<\/p>\n<p> Sar\u0131 k\u0131rm\u0131z\u0131l\u0131lar deplasmanda oynanan birinci ma\u00e7ta Darta Bevo Roeselare grubunu 3-0 ma\u011flup etmi\u015fti. Galatasaray&#8217;\u0131n play-off&#8217;a kalmas\u0131 i\u00e7in 2 set kazanmas\u0131 k\u00e2fi olacak.<\/p>\n<p> Galatasaray Daikin &#8211; Darta Bevo Roeselare ma\u00e7\u0131 GSPlus uygulamas\u0131ndan canl\u0131 yay\u0131nlanacak.<\/p>\n","protected":false},"excerpt":{"rendered":"<p>Galatasaray Daikin, CEV Cup 8&#8217;li Finaller Tipi r\u00f6van\u015f ma\u00e7\u0131nda Darta Bevo Roeselare&#8217;yi konuk edecek.<\/p>\n","protected":false},"author":1,"featured_media":49356,"comment_status":"open","ping_status":"open","sticky":false,"template":"","format":"standard","meta":{"footnotes":""},"categories":[39],"tags":[],"class_list":["post-49355","post","type-post","status-publish","format-standard","has-post-thumbnail","hentry","category-voleybol"],"_links":{"self":[{"href":"https:\/\/haberbesiktas.tr\/index.php?rest_route=\/wp\/v2\/posts\/49355","targetHints":{"allow":["GET"]}}],"collection":[{"href":"https:\/\/haberbesiktas.tr\/index.php?rest_route=\/wp\/v2\/posts"}],"about":[{"href":"https:\/\/haberbesiktas.tr\/index.php?rest_route=\/wp\/v2\/types\/post"}],"author":[{"embeddable":true,"href":"https:\/\/haberbesiktas.tr\/index.php?rest_route=\/wp\/v2\/users\/1"}],"replies":[{"embeddable":true,"href":"https:\/\/haberbesiktas.tr\/index.php?rest_route=%2Fwp%2Fv2%2Fcomments&post=49355"}],"version-history":[{"count":1,"href":"https:\/\/haberbesiktas.tr\/index.php?rest_route=\/wp\/v2\/posts\/49355\/revisions"}],"predecessor-version":[{"id":49357,"href":"https:\/\/haberbesiktas.tr\/index.php?rest_route=\/wp\/v2\/posts\/49355\/revisions\/49357"}],"wp:featuredmedia":[{"embeddable":true,"href":"https:\/\/haberbesiktas.tr\/index.php?rest_route=\/wp\/v2\/media\/49356"}],"wp:attachment":[{"href":"https:\/\/haberbesiktas.tr\/index.php?rest_route=%2Fwp%2Fv2%2Fmedia&parent=49355"}],"wp:term":[{"taxonomy":"category","embeddable":true,"href":"https:\/\/haberbesiktas.tr\/index.php?rest_route=%2Fwp%2Fv2%2Fcategories&post=49355"},{"taxonomy":"post_tag","embeddable":true,"href":"https:\/\/haberbesiktas.tr\/index.php?rest_route=%2Fwp%2Fv2%2Ftags&post=49355"}],"curies":[{"name":"wp","href":"https:\/\/api.w.org\/{rel}","templated":true}]}}