{"id":49361,"date":"2026-01-14T23:48:07","date_gmt":"2026-01-14T23:48:07","guid":{"rendered":"https:\/\/haberbesiktas.tr\/?p=49361"},"modified":"2026-01-14T23:48:07","modified_gmt":"2026-01-14T23:48:07","slug":"fenerbahce-divan-kurulunda-tarihi-adim","status":"publish","type":"post","link":"https:\/\/haberbesiktas.tr\/?p=49361","title":{"rendered":"Fenerbah\u00e7e Divan Kurulu&#8217;nda tarihi ad\u0131m"},"content":{"rendered":"<div>Fenerbah\u00e7e Kul\u00fcb\u00fc&#8217;n\u00fcn 31 Ocak Cumartesi g\u00fcn\u00fc d\u00fczenleyece\u011fi Ola\u011fan Y\u00fcksek Divan Kurulu Toplant\u0131s\u0131, kul\u00fcp tarihinde gibisi g\u00f6r\u00fclmemi\u015f bir uygulamaya sahne olacak.<\/p>\n<p> Lider Sadettin Saran&#8217;\u0131n yan\u0131 s\u0131ra eski liderler Ali Ko\u00e7 ve Aziz Y\u0131ld\u0131r\u0131m&#8217;\u0131n da yer alaca\u011f\u0131 toplant\u0131, birinci sefer bas\u0131na kapal\u0131 olarak ger\u00e7ekle\u015ftirilecek.<\/p>\n<p> Toplulu\u011fun \u00f6nde gelen isimlerinin i\u015ftirak g\u00f6sterece\u011fi toplant\u0131da Saran, Ko\u00e7 ve Y\u0131ld\u0131r\u0131m&#8217;\u0131n birer konu\u015fma yapmas\u0131 planlan\u0131yor. <\/p>\n<p> Toplant\u0131ya kat\u0131lanlardan, i\u00e7eride g\u00f6r\u00fc\u015f\u00fclen hususlarla ilgili olarak bilhassa medya olmak \u00fczere d\u0131\u015far\u0131ya bilgi payla\u015fmamalar\u0131 istenecek.<\/p>\n<p> Kul\u00fcp yetkilileri, bu karar\u0131n m\u00fcnasebetinin sorulmas\u0131 \u00fczerine, <strong>&#8220;Aile i\u00e7i problemler ele al\u0131naca\u011f\u0131 i\u00e7in bu istikamette bir karar ald\u0131k&#8221;<\/strong> a\u00e7\u0131klamas\u0131nda bulundu.\u00a0<\/p>\n<\/div>\n","protected":false},"excerpt":{"rendered":"<p>Fenerbah\u00e7e&#8217;de 31 Ocak&#8217;ta ger\u00e7ekle\u015ftirilecek Y\u00fcksek Divan Kurulu toplant\u0131s\u0131nda bir unsur imza at\u0131lacak. Lider Sadettin Saran ile eski liderler Ali Ko\u00e7 ve Aziz Y\u0131ld\u0131r\u0131m&#8217;\u0131n kat\u0131laca\u011f\u0131 toplant\u0131, kul\u00fcp tarihinde birinci kere bas\u0131na kapal\u0131 yap\u0131lacak.<\/p>\n","protected":false},"author":1,"featured_media":49362,"comment_status":"open","ping_status":"open","sticky":false,"template":"","format":"standard","meta":{"footnotes":""},"categories":[25],"tags":[],"class_list":["post-49361","post","type-post","status-publish","format-standard","has-post-thumbnail","hentry","category-futbol"],"_links":{"self":[{"href":"https:\/\/haberbesiktas.tr\/index.php?rest_route=\/wp\/v2\/posts\/49361","targetHints":{"allow":["GET"]}}],"collection":[{"href":"https:\/\/haberbesiktas.tr\/index.php?rest_route=\/wp\/v2\/posts"}],"about":[{"href":"https:\/\/haberbesiktas.tr\/index.php?rest_route=\/wp\/v2\/types\/post"}],"author":[{"embeddable":true,"href":"https:\/\/haberbesiktas.tr\/index.php?rest_route=\/wp\/v2\/users\/1"}],"replies":[{"embeddable":true,"href":"https:\/\/haberbesiktas.tr\/index.php?rest_route=%2Fwp%2Fv2%2Fcomments&post=49361"}],"version-history":[{"count":1,"href":"https:\/\/haberbesiktas.tr\/index.php?rest_route=\/wp\/v2\/posts\/49361\/revisions"}],"predecessor-version":[{"id":49363,"href":"https:\/\/haberbesiktas.tr\/index.php?rest_route=\/wp\/v2\/posts\/49361\/revisions\/49363"}],"wp:featuredmedia":[{"embeddable":true,"href":"https:\/\/haberbesiktas.tr\/index.php?rest_route=\/wp\/v2\/media\/49362"}],"wp:attachment":[{"href":"https:\/\/haberbesiktas.tr\/index.php?rest_route=%2Fwp%2Fv2%2Fmedia&parent=49361"}],"wp:term":[{"taxonomy":"category","embeddable":true,"href":"https:\/\/haberbesiktas.tr\/index.php?rest_route=%2Fwp%2Fv2%2Fcategories&post=49361"},{"taxonomy":"post_tag","embeddable":true,"href":"https:\/\/haberbesiktas.tr\/index.php?rest_route=%2Fwp%2Fv2%2Ftags&post=49361"}],"curies":[{"name":"wp","href":"https:\/\/api.w.org\/{rel}","templated":true}]}}