{"id":49367,"date":"2026-01-15T00:12:05","date_gmt":"2026-01-15T00:12:05","guid":{"rendered":"https:\/\/haberbesiktas.tr\/?p=49367"},"modified":"2026-01-15T00:12:05","modified_gmt":"2026-01-15T00:12:05","slug":"besiktas-turkiye-kupasinda-keciorengucunu-agirlayacak","status":"publish","type":"post","link":"https:\/\/haberbesiktas.tr\/?p=49367","title":{"rendered":"Be\u015fikta\u015f, T\u00fcrkiye Kupas\u0131&#8217;nda Ke\u00e7i\u00f6reng\u00fcc\u00fc&#8217;n\u00fc a\u011f\u0131rlayacak!"},"content":{"rendered":"<div>Be\u015fikta\u015f, Ziraat T\u00fcrkiye Kupas\u0131 C K\u00fcmesi ikinci hafta ma\u00e7\u0131nda 15 Ocak Per\u015fembe g\u00fcn\u00fc Emre G\u00f6kdemir \u0130n\u015faat Ankara Ke\u00e7i\u00f6reng\u00fcc\u00fc&#8217;n\u00fc konuk edecek.<\/p>\n<p> T\u00fcpra\u015f Stad\u0131&#8217;nda oynanacak m\u00fcsabaka, saat 20.30&#8217;da ba\u015flayacak.<\/p>\n<p> Hakem Abdullah Bu\u011fra Ta\u015fk\u0131nsoy&#8217;un y\u00f6netece\u011fi kar\u015f\u0131la\u015fma, ATV&#8217;den canl\u0131 yay\u0131nlanacak. <\/p>\n<p> Siyah-beyazl\u0131lar, T\u00fcrkiye Kupas\u0131&#8217;n\u0131n birinci haftas\u0131nda derbide Fenerbah\u00e7e&#8217;yi 2-1 ma\u011flup etti. Yeni y\u0131l\u0131n birinci resmi ma\u00e7\u0131nda Ankara Ke\u00e7i\u00f6reng\u00fcc\u00fc&#8217;n\u00fc a\u011f\u0131rlayacak Be\u015fikta\u015f, kazanarak kupada 2&#8217;de 2 yapmay\u0131 hedefliyor.<\/p>\n<p> C Grubu&#8217;ndaki birinci ma\u00e7\u0131nda galip gelen Ankara temsilcisi de \u0130stanbul&#8217;dan puan ya da puanlarla d\u00f6nerek k\u00fcmeden \u00e7\u0131kma ismine k\u0131ymetli bir ad\u0131m atman\u0131n pe\u015finde.<\/p>\n<p> <strong>&#8211; Eksikler<\/strong><\/p>\n<p> Siyah-beyazl\u0131 ekipte orta saha oyuncusu Wilfred Ndidi, Ankara Ke\u00e7i\u00f6reng\u00fcc\u00fc&#8217;ne kar\u015f\u0131 forma giyemeyecek.<\/p>\n<p> Afrika Uluslar Kupas\u0131&#8217;nda u\u011fra\u015f eden \u00fclkesi Nijerya i\u00e7in ter d\u00f6ken Ndidi, kar\u015f\u0131la\u015fmada formas\u0131ndan uzak kalacak.<\/p>\n<p> \u00d6te yandan kendisine kul\u00fcp bulmas\u0131 istenen Necip Uysal da kar\u015f\u0131la\u015fma tak\u0131m\u0131nda yer almayacak.<\/p>\n<p> <strong>&#8211; Ayr\u0131l\u0131klar<\/strong><\/p>\n<p> Be\u015fikta\u015f&#8217;ta d\u00f6neme verilen ortada 4 oyuncuyla yollar ayr\u0131ld\u0131.<\/p>\n<p> Siyah-beyazl\u0131 kadroda devre ortas\u0131nda kaleci Mert G\u00fcnok&#8217;un yan\u0131 s\u0131ra savunma oyuncular\u0131 Gabriel Paulista, Jonas Svensson ve David Jurasek ile yol ayr\u0131m\u0131na gidildi.<\/p>\n<p> <strong>&#8211; Sakatlar iyile\u015fti<\/strong><\/p>\n<p> Be\u015fikta\u015f&#8217;ta d\u00f6nemin birinci yar\u0131s\u0131n\u0131n sonlar\u0131na ger\u00e7ek sakatl\u0131klar\u0131ndan \u00f6t\u00fcr\u00fc forma giyemeyen oyuncular, kupada talih bekleyecek.<\/p>\n<p> Siyah-beyazl\u0131larda kanat oyuncular\u0131 Cengiz \u00dcnder ve Jota Silva ile forvet Mustafa Hekimo\u011flu, g\u00fczelle\u015ferek devre ortas\u0131ndaki Antalya kamp\u0131nda grupla \u00e7al\u0131\u015fmalara kat\u0131ld\u0131.<\/p>\n<p> Afrika Uluslar Kupas\u0131&#8217;ndan d\u00f6nen El Bilal Toure de teknik y\u00f6netici Sergen Yal\u00e7\u0131n&#8217;\u0131n talih vermesi halinde siyah-beyazl\u0131 formaya kavu\u015facak.\u00a0<\/p>\n<\/div>\n","protected":false},"excerpt":{"rendered":"<p>Be\u015fikta\u015f, Ziraat T\u00fcrkiye Kupas\u0131 C K\u00fcmesi ikinci hafta ma\u00e7\u0131nda 15 Ocak Per\u015fembe g\u00fcn\u00fc Emre G\u00f6kdemir \u0130n\u015faat Ankara Ke\u00e7i\u00f6reng\u00fcc\u00fc&#8217;n\u00fc a\u011f\u0131rlayacak.<\/p>\n","protected":false},"author":1,"featured_media":49368,"comment_status":"open","ping_status":"open","sticky":false,"template":"","format":"standard","meta":{"footnotes":""},"categories":[25],"tags":[152],"class_list":["post-49367","post","type-post","status-publish","format-standard","has-post-thumbnail","hentry","category-futbol","tag-siyah-beyazli"],"_links":{"self":[{"href":"https:\/\/haberbesiktas.tr\/index.php?rest_route=\/wp\/v2\/posts\/49367","targetHints":{"allow":["GET"]}}],"collection":[{"href":"https:\/\/haberbesiktas.tr\/index.php?rest_route=\/wp\/v2\/posts"}],"about":[{"href":"https:\/\/haberbesiktas.tr\/index.php?rest_route=\/wp\/v2\/types\/post"}],"author":[{"embeddable":true,"href":"https:\/\/haberbesiktas.tr\/index.php?rest_route=\/wp\/v2\/users\/1"}],"replies":[{"embeddable":true,"href":"https:\/\/haberbesiktas.tr\/index.php?rest_route=%2Fwp%2Fv2%2Fcomments&post=49367"}],"version-history":[{"count":1,"href":"https:\/\/haberbesiktas.tr\/index.php?rest_route=\/wp\/v2\/posts\/49367\/revisions"}],"predecessor-version":[{"id":49369,"href":"https:\/\/haberbesiktas.tr\/index.php?rest_route=\/wp\/v2\/posts\/49367\/revisions\/49369"}],"wp:featuredmedia":[{"embeddable":true,"href":"https:\/\/haberbesiktas.tr\/index.php?rest_route=\/wp\/v2\/media\/49368"}],"wp:attachment":[{"href":"https:\/\/haberbesiktas.tr\/index.php?rest_route=%2Fwp%2Fv2%2Fmedia&parent=49367"}],"wp:term":[{"taxonomy":"category","embeddable":true,"href":"https:\/\/haberbesiktas.tr\/index.php?rest_route=%2Fwp%2Fv2%2Fcategories&post=49367"},{"taxonomy":"post_tag","embeddable":true,"href":"https:\/\/haberbesiktas.tr\/index.php?rest_route=%2Fwp%2Fv2%2Ftags&post=49367"}],"curies":[{"name":"wp","href":"https:\/\/api.w.org\/{rel}","templated":true}]}}