{"id":49484,"date":"2026-01-15T07:48:04","date_gmt":"2026-01-15T07:48:04","guid":{"rendered":"https:\/\/haberbesiktas.tr\/?p=49484"},"modified":"2026-01-15T07:48:04","modified_gmt":"2026-01-15T07:48:04","slug":"manchester-cityden-rizeye-adedire-mebude","status":"publish","type":"post","link":"https:\/\/haberbesiktas.tr\/?p=49484","title":{"rendered":"Manchester City&#8217;den Rize&#8217;ye! Adedire Mebude&#8230;"},"content":{"rendered":"<div>Transfer \u00e7al\u0131\u015fmalar\u0131n\u0131 s\u00fcrd\u00fcren \u00c7aykur Rizespor, sa\u011f bek i\u00e7in arad\u0131\u011f\u0131 ismi buldu.<\/p>\n<p> Fabrizio Romano&#8217;nun haberine nazaran \u00c7aykur Rizepsor, Bel\u00e7ika Ligi kul\u00fcplerinden KVC Westerlo formas\u0131 giyen <strong>Adedire Mebude<\/strong> ile 4.5 y\u0131ll\u0131\u011f\u0131na mutabakata vard\u0131.<\/p>\n<p> 21 ya\u015f\u0131ndaki sa\u011f kanat oyuncusu, bu d\u00f6nem Bel\u00e7ika tak\u0131m\u0131yla 14 m\u00fcsabakaya \u00e7\u0131kt\u0131 ve 2 gol kaydetti.<\/p>\n<p> <strong>MANCHESTER CITY ALT YAPISI<\/strong><\/p>\n<p> Kul\u00fcb\u00fcyle olan kontrat\u0131 30 Haziran 2027 y\u0131l\u0131na kadar devam eden gen\u00e7 futbolcu, mesle\u011finde Rangers U17, Manchester City U21, Bristol City ve Hamburg formalar\u0131n\u0131 giydi. Adedire Mebude ayr\u0131yeten \u0130sko\u00e7ya&#8217;n\u0131n alt ya\u015f kategorilerinde de oynad\u0131.<\/p>\n<p><img decoding=\"async\" src=\"https:\/\/haberbesiktas.tr\/wp-content\/uploads\/2026\/01\/manchester-cityden-rizeye-adedire-mebude-0-ntP5ltgm.jpg\"\/><\/p>\n<\/div>\n","protected":false},"excerpt":{"rendered":"<p>S\u00fcper Lig gruplar\u0131ndan \u00c7aykur Rizespor, daha evvel Manchester City altyap\u0131s\u0131 g\u00f6ren Adedire Mebude ile anla\u015ft\u0131.<\/p>\n","protected":false},"author":1,"featured_media":49485,"comment_status":"open","ping_status":"open","sticky":false,"template":"","format":"standard","meta":{"footnotes":""},"categories":[25],"tags":[],"class_list":["post-49484","post","type-post","status-publish","format-standard","has-post-thumbnail","hentry","category-futbol"],"_links":{"self":[{"href":"https:\/\/haberbesiktas.tr\/index.php?rest_route=\/wp\/v2\/posts\/49484","targetHints":{"allow":["GET"]}}],"collection":[{"href":"https:\/\/haberbesiktas.tr\/index.php?rest_route=\/wp\/v2\/posts"}],"about":[{"href":"https:\/\/haberbesiktas.tr\/index.php?rest_route=\/wp\/v2\/types\/post"}],"author":[{"embeddable":true,"href":"https:\/\/haberbesiktas.tr\/index.php?rest_route=\/wp\/v2\/users\/1"}],"replies":[{"embeddable":true,"href":"https:\/\/haberbesiktas.tr\/index.php?rest_route=%2Fwp%2Fv2%2Fcomments&post=49484"}],"version-history":[{"count":1,"href":"https:\/\/haberbesiktas.tr\/index.php?rest_route=\/wp\/v2\/posts\/49484\/revisions"}],"predecessor-version":[{"id":49487,"href":"https:\/\/haberbesiktas.tr\/index.php?rest_route=\/wp\/v2\/posts\/49484\/revisions\/49487"}],"wp:featuredmedia":[{"embeddable":true,"href":"https:\/\/haberbesiktas.tr\/index.php?rest_route=\/wp\/v2\/media\/49485"}],"wp:attachment":[{"href":"https:\/\/haberbesiktas.tr\/index.php?rest_route=%2Fwp%2Fv2%2Fmedia&parent=49484"}],"wp:term":[{"taxonomy":"category","embeddable":true,"href":"https:\/\/haberbesiktas.tr\/index.php?rest_route=%2Fwp%2Fv2%2Fcategories&post=49484"},{"taxonomy":"post_tag","embeddable":true,"href":"https:\/\/haberbesiktas.tr\/index.php?rest_route=%2Fwp%2Fv2%2Ftags&post=49484"}],"curies":[{"name":"wp","href":"https:\/\/api.w.org\/{rel}","templated":true}]}}