{"id":49512,"date":"2026-01-15T09:36:04","date_gmt":"2026-01-15T09:36:04","guid":{"rendered":"https:\/\/haberbesiktas.tr\/?p=49512"},"modified":"2026-01-15T09:36:04","modified_gmt":"2026-01-15T09:36:04","slug":"fenerbahceden-yuksek-divan-kurulu-aciklamasi","status":"publish","type":"post","link":"https:\/\/haberbesiktas.tr\/?p=49512","title":{"rendered":"Fenerbah\u00e7e&#8217;den Y\u00fcksek Divan Kurulu a\u00e7\u0131klamas\u0131!"},"content":{"rendered":"<div>Fenerbah\u00e7e, ocak ay\u0131n\u0131n sonunda yap\u0131lacak olan Y\u00fcksek Divan Kurulu Toplant\u0131s\u0131 ile ilgili a\u00e7\u0131klama yapt\u0131.<\/p>\n<p> Toplant\u0131n\u0131n bas\u0131na kapal\u0131 olaca\u011f\u0131 arg\u00fcmanlar\u0131 yalanlan\u0131rken, toplant\u0131n\u0131n canl\u0131 yay\u0131nlan\u0131p yay\u0131nlanmayaca\u011f\u0131na dair karar\u0131n Divan Kurulu taraf\u0131ndan al\u0131naca\u011f\u0131 duyuruldu.<\/p>\n<p> &#8220;Yakla\u015fan Y\u00fcksek Divan Kurulu toplant\u0131m\u0131za ait olarak bas\u0131nda yer alan de\u011ferlendirmeler \u00fczerine, bir d\u00fczeltmeden \u00e7ok mevcut s\u00fcrecin \u00e7er\u00e7evesini netle\u015ftirmek hedefiyle k\u0131sa bir bilgilendirme payla\u015fma gereksinimi do\u011fmu\u015ftur. <\/p>\n<p> Y\u00fcksek Divan Kurulu toplant\u0131m\u0131z bas\u0131na a\u00e7\u0131k olarak ger\u00e7ekle\u015ftirilecektir. Bu bahiste rastgele bir de\u011fi\u015fiklik ya da k\u0131s\u0131tlama kelam konusu de\u011fildir.<\/p>\n<p> G\u00fcndeme gelen de\u011ferlendirmeler, toplant\u0131n\u0131n canl\u0131 olarak transferine ili\u015fkindir. Y\u00fcksek Divan Heyeti&#8217;nin yap\u0131s\u0131 ve toplant\u0131lar\u0131n niteli\u011fi dikkate al\u0131nd\u0131\u011f\u0131nda, bu yakla\u015f\u0131m\u0131n; toplulu\u011fumuzun kendi i\u00e7 dinamikleri \u00e7er\u00e7evesinde, daha sa\u011fl\u0131kl\u0131 ve yapan bir toplant\u0131 ortam\u0131n\u0131n korunmas\u0131na y\u00f6nelik bir hassasiyetten kaynaklanmaktad\u0131r.<\/p>\n<p> Bu \u00e7er\u00e7evede, toplant\u0131n\u0131n yay\u0131n sistemine ait uygulamalar Y\u00fcksek Divan Kurulu Ba\u015fkanl\u0131\u011f\u0131 taraf\u0131ndan k\u0131ymetlendirilmektedir. Canl\u0131 yay\u0131n ve \u00fcye konu\u015fmalar\u0131n\u0131n transferine dair en son karar, bu de\u011ferlendirmelerin tamamlanmas\u0131n\u0131n akabinde netle\u015fecektir.<\/p>\n<p> G\u00f6sterdi\u011finiz anlay\u0131\u015f i\u00e7in te\u015fekk\u00fcr ederiz.&#8221;<\/p>\n<\/div>\n","protected":false},"excerpt":{"rendered":"<p>Fenerbah\u00e7e, ocak ay\u0131n\u0131n sonunda yap\u0131lacak olan Y\u00fcksek Divan Kurulu Toplant\u0131s\u0131 ile ilgili a\u00e7\u0131klama yapt\u0131. Toplant\u0131n\u0131n bas\u0131na kapal\u0131 olaca\u011f\u0131 savlar\u0131 yalanland\u0131.<\/p>\n","protected":false},"author":1,"featured_media":49513,"comment_status":"open","ping_status":"open","sticky":false,"template":"","format":"standard","meta":{"footnotes":""},"categories":[25],"tags":[284,3748],"class_list":["post-49512","post","type-post","status-publish","format-standard","has-post-thumbnail","hentry","category-futbol","tag-toplanti","tag-yuksek-divan-kurulu"],"_links":{"self":[{"href":"https:\/\/haberbesiktas.tr\/index.php?rest_route=\/wp\/v2\/posts\/49512","targetHints":{"allow":["GET"]}}],"collection":[{"href":"https:\/\/haberbesiktas.tr\/index.php?rest_route=\/wp\/v2\/posts"}],"about":[{"href":"https:\/\/haberbesiktas.tr\/index.php?rest_route=\/wp\/v2\/types\/post"}],"author":[{"embeddable":true,"href":"https:\/\/haberbesiktas.tr\/index.php?rest_route=\/wp\/v2\/users\/1"}],"replies":[{"embeddable":true,"href":"https:\/\/haberbesiktas.tr\/index.php?rest_route=%2Fwp%2Fv2%2Fcomments&post=49512"}],"version-history":[{"count":1,"href":"https:\/\/haberbesiktas.tr\/index.php?rest_route=\/wp\/v2\/posts\/49512\/revisions"}],"predecessor-version":[{"id":49514,"href":"https:\/\/haberbesiktas.tr\/index.php?rest_route=\/wp\/v2\/posts\/49512\/revisions\/49514"}],"wp:featuredmedia":[{"embeddable":true,"href":"https:\/\/haberbesiktas.tr\/index.php?rest_route=\/wp\/v2\/media\/49513"}],"wp:attachment":[{"href":"https:\/\/haberbesiktas.tr\/index.php?rest_route=%2Fwp%2Fv2%2Fmedia&parent=49512"}],"wp:term":[{"taxonomy":"category","embeddable":true,"href":"https:\/\/haberbesiktas.tr\/index.php?rest_route=%2Fwp%2Fv2%2Fcategories&post=49512"},{"taxonomy":"post_tag","embeddable":true,"href":"https:\/\/haberbesiktas.tr\/index.php?rest_route=%2Fwp%2Fv2%2Ftags&post=49512"}],"curies":[{"name":"wp","href":"https:\/\/api.w.org\/{rel}","templated":true}]}}