{"id":49518,"date":"2026-01-15T10:00:04","date_gmt":"2026-01-15T10:00:04","guid":{"rendered":"https:\/\/haberbesiktas.tr\/?p=49518"},"modified":"2026-01-15T10:00:04","modified_gmt":"2026-01-15T10:00:04","slug":"fenerbahce-opet-kaptani-alperi-onar-sakatlandi","status":"publish","type":"post","link":"https:\/\/haberbesiktas.tr\/?p=49518","title":{"rendered":"Fenerbah\u00e7e Opet Kaptan\u0131 Alperi Onar sakatland\u0131"},"content":{"rendered":"<div>Fenerbah\u00e7e Opet Bayan Basketbol Grubu Kaptan\u0131 Alperi Onar&#8217;\u0131n sa\u011f elinde volar plak yaralanmas\u0131 tespit edildi.<\/p>\n<p> Sar\u0131-lacivertli kul\u00fcpten yap\u0131lan a\u00e7\u0131klamada, &#8220;Kaptan\u0131m\u0131z Alperi Onar, Bayanlar T\u00fcrkiye Kupas\u0131 final ma\u00e7\u0131nda sa\u011f el ba\u015fparma\u011f\u0131nda yaralanma ya\u015fam\u0131\u015ft\u0131r. Yap\u0131lan tetkikler sonucu sa\u011f elinde volar plak yaralanmas\u0131 tespit edilen kaptan\u0131m\u0131z\u0131n tedavisine ba\u015flanm\u0131\u015ft\u0131r.&#8221; s\u00f6zleri kullan\u0131ld\u0131.<\/p>\n<p> Tecr\u00fcbeli oyuncunun, FIBA Bayanlar Euroleague&#8217;de bu ak\u015fam oynanacak Basket Landes u\u011fra\u015f\u0131nda forma giyemeyece\u011fi aktar\u0131ld\u0131.<\/p>\n<\/div>\n","protected":false},"excerpt":{"rendered":"<p>Fenerbah\u00e7e Opet Bayan Basketbol Kadrosu Kaptan\u0131 Alperi Onar, sa\u011f elindeki volar plak yaralanmas\u0131 nedeniyle bu ak\u015famki Basket Landes ma\u00e7\u0131nda forma giyemeyecek.<\/p>\n","protected":false},"author":1,"featured_media":49519,"comment_status":"open","ping_status":"open","sticky":false,"template":"","format":"standard","meta":{"footnotes":""},"categories":[10],"tags":[],"class_list":["post-49518","post","type-post","status-publish","format-standard","has-post-thumbnail","hentry","category-basketbol"],"_links":{"self":[{"href":"https:\/\/haberbesiktas.tr\/index.php?rest_route=\/wp\/v2\/posts\/49518","targetHints":{"allow":["GET"]}}],"collection":[{"href":"https:\/\/haberbesiktas.tr\/index.php?rest_route=\/wp\/v2\/posts"}],"about":[{"href":"https:\/\/haberbesiktas.tr\/index.php?rest_route=\/wp\/v2\/types\/post"}],"author":[{"embeddable":true,"href":"https:\/\/haberbesiktas.tr\/index.php?rest_route=\/wp\/v2\/users\/1"}],"replies":[{"embeddable":true,"href":"https:\/\/haberbesiktas.tr\/index.php?rest_route=%2Fwp%2Fv2%2Fcomments&post=49518"}],"version-history":[{"count":1,"href":"https:\/\/haberbesiktas.tr\/index.php?rest_route=\/wp\/v2\/posts\/49518\/revisions"}],"predecessor-version":[{"id":49520,"href":"https:\/\/haberbesiktas.tr\/index.php?rest_route=\/wp\/v2\/posts\/49518\/revisions\/49520"}],"wp:featuredmedia":[{"embeddable":true,"href":"https:\/\/haberbesiktas.tr\/index.php?rest_route=\/wp\/v2\/media\/49519"}],"wp:attachment":[{"href":"https:\/\/haberbesiktas.tr\/index.php?rest_route=%2Fwp%2Fv2%2Fmedia&parent=49518"}],"wp:term":[{"taxonomy":"category","embeddable":true,"href":"https:\/\/haberbesiktas.tr\/index.php?rest_route=%2Fwp%2Fv2%2Fcategories&post=49518"},{"taxonomy":"post_tag","embeddable":true,"href":"https:\/\/haberbesiktas.tr\/index.php?rest_route=%2Fwp%2Fv2%2Ftags&post=49518"}],"curies":[{"name":"wp","href":"https:\/\/api.w.org\/{rel}","templated":true}]}}