{"id":49521,"date":"2026-01-15T10:12:04","date_gmt":"2026-01-15T10:12:04","guid":{"rendered":"https:\/\/haberbesiktas.tr\/?p=49521"},"modified":"2026-01-15T10:12:04","modified_gmt":"2026-01-15T10:12:04","slug":"nijeryanin-yeni-krali-victor-osimhen","status":"publish","type":"post","link":"https:\/\/haberbesiktas.tr\/?p=49521","title":{"rendered":"Nijerya&#8217;n\u0131n yeni kral\u0131: Victor Osimhen"},"content":{"rendered":"<div>Galatasaray&#8217;\u0131n Nijeryal\u0131 y\u0131ld\u0131z\u0131 Victor Osimhen, d\u00fcnya futbolunda yank\u0131 uyand\u0131rmaya devam ediyor.<\/p>\n<p> Nijerya ile Afrika Uluslar Kupas\u0131&#8217;nda yar\u0131 finale y\u00fckselen ve bu yolda att\u0131\u011f\u0131 4 golle liderlik yapan Osimhen, BBC Sport&#8217;un yak\u0131n merce\u011fine al\u0131nd\u0131.<\/p>\n<p> <strong>&#8220;Osimhen nas\u0131l &#8216;Nijerya futbolunun kral\u0131&#8217; oldu?<\/strong>&#8221; ba\u015fl\u0131kl\u0131 yaz\u0131da s\u00fcperstar i\u00e7in &#8220;\u015e\u00fcphesiz en b\u00fcy\u00fck y\u0131ld\u0131z olarak g\u00f6r\u00fcl\u00fcyor ve be\u015ferler ona hayranl\u0131k duyuyor&#8221; denildi. <\/p>\n<p> <em><strong>\u0130\u015fte BBC&#8217;nin Victor Osimhen incelemesi:<\/strong><\/em><\/p>\n<p> &#8220;Nijerya&#8217;da Victor Osimhen varsa umut da vard\u0131r.<\/p>\n<p> 27 ya\u015f\u0131ndaki forvet ve Nijerya ulusal ekip arkada\u015flar\u0131, \u00c7ar\u015famba g\u00fcn\u00fc Afrika Uluslar Kupas\u0131 yar\u0131 finalinde konut sahibi Fas ile kar\u015f\u0131la\u015facak. Nijerya, \u015fu ana kadar oynad\u0131\u011f\u0131 be\u015f ma\u00e7ta be\u015f galibiyet ald\u0131.<\/p>\n<p> Osimhen, d\u00f6rt golle turnuvan\u0131n gol krall\u0131\u011f\u0131 s\u0131ralamas\u0131nda Liverpool ve M\u0131s\u0131rl\u0131 Muhammed Salah ile birlikte ikinci s\u0131rada yer al\u0131yor ve Fasl\u0131 Brahim Diaz&#8217;\u0131n bir gol gerisinde.<\/p>\n<p> Lakin turnuva, Galatasaray&#8217;\u0131n forveti Osimhen ve &#8216;S\u00fcper Kartallar&#8217; i\u00e7in kolay ge\u00e7medi. Alanda ya\u015fanan y\u00fcksek profilli bir tart\u0131\u015fma, etkileyici performanslar\u0131n\u0131 g\u00f6lgede b\u0131rakma tehlikesi yaratt\u0131. Nijerya&#8217;n\u0131n reddetti\u011fi haberlere nazaran, Mozambik&#8217;i 4-0 yendikleri son 16 tipi ma\u00e7\u0131nda Ademola Lookman ile ya\u015fad\u0131\u011f\u0131 tart\u0131\u015fma man\u015fetlere ta\u015f\u0131nd\u0131 ve Osimhen&#8217;in kamp\u0131 terk etmekle tehdit etti\u011fi bile tez edildi.<\/p>\n<p> Osimhen, net bir gol konumunda kendisine pas atmayan Lookman ile tart\u0131\u015ft\u0131 ve akabinde teknik y\u00f6netici Eric Chelle&#8217;ye kendisini oyundan almas\u0131 i\u00e7in i\u015faret etti. Chelle de bunu yapt\u0131. Osimhen, ma\u00e7\u0131n bitiminde alandaki kutlamalara kat\u0131lmadan direkt t\u00fcnele gitti. Olaylar daha sonra yat\u0131\u015ft\u0131 ve Osimhen&#8217;in kendisi de dahil olmak \u00fczere oyuncular ve Chelle, ma\u00e7\u0131n bitiminden k\u0131sa m\u00fcddet sonra i\u00e7 \u00e7at\u0131\u015fman\u0131n \u00e7\u00f6z\u00fcld\u00fc\u011f\u00fcn\u00fc vurgulad\u0131lar. Fakat onu en g\u00fczel tan\u0131yanlar, Osimhen&#8217;in kazanma iste\u011fi olmasayd\u0131 birebir forvet olamayaca\u011f\u0131n\u0131 ve forvete y\u00f6nelik bencillik su\u00e7lamalar\u0131n\u0131n ger\u00e7eklerden uzak oldu\u011funu s\u00f6yl\u00fcyorlar.<\/p>\n<p> Nijerya&#8217;n\u0131n 37 golle en \u00e7ok gol atan oyuncusu Rashidi Yekini&#8217;yi yakalamak i\u00e7in iki gol atmas\u0131 gereken Osimhen, Nijerya futbol tarihine ismini yazd\u0131rmak \u00fczere.<\/p>\n<p> Osimhen, &#8220;Rekoru yakalamam ya da ge\u00e7mem k\u0131ymetli de\u011fil. Bence Rashidi Yekini, Nijerya&#8217;n\u0131n yeti\u015ftirdi\u011fi en uygun forvet. Yaln\u0131zca elimden gelenin en d\u00fczg\u00fcn\u00fcn\u00fc yap\u0131yorum. Nat\u00fcrel ki, \u00dcst\u00fcn Kartallar&#8217;\u0131n tarihinin bir kesimi olmak ola\u011fan\u00fcst\u00fc bir \u015fey. Bu y\u00fczden, \u00fclkem i\u00e7in k\u0131ymetli bir \u015fey kazanmaya \u00e7al\u0131\u015f\u0131yorum. Ve kadro arkada\u015flar\u0131m\u0131n yard\u0131m\u0131yla bu yolda oldu\u011fumu d\u00fc\u015f\u00fcn\u00fcyorum.&#8221; dedi.<\/p>\n<p> <strong>&#8220;ZOR B\u0130R \u00c7OCUKLUK GE\u00c7\u0130RD\u0130&#8221;<\/strong><\/p>\n<p> Lagos&#8217;ta do\u011fan Galatasaray forvetinin \u00e7ocuklu\u011fu, hayal edilemeyecek kadar g\u00fc\u00e7 ge\u00e7ti.<\/p>\n<p> Anne ve babas\u0131n\u0131n vefat\u0131 nedeniyle \u00e7ocukken trafikte su satmak zorunda kald\u0131 ve kendisi, erkek karde\u015fi ve k\u0131z karde\u015fi i\u00e7in kendi ba\u015f\u0131n\u0131n devas\u0131na bakmak zorunda kald\u0131. Bir vakitler Osimhen&#8217;in kaptan\u0131 olan eski Nijerya defans oyuncusu William Troost-Ekong, Osimhen&#8217;in \u00e7ocuklu\u011funun rekabet\u00e7ili\u011fine tesirini a\u00e7\u0131klad\u0131.<\/p>\n<p> BBC World Service&#8217;e verdi\u011fi deme\u00e7te, &#8220;Zor bir \u00e7ocukluk ge\u00e7irdi&#8221; dedi.<\/p>\n<p> &#8220;Karde\u015fleri i\u00e7in kendi ba\u015f\u0131n\u0131n derman\u0131na bakmak zorunda kald\u0131. Ne yaz\u0131k ki, anne ve babas\u0131n\u0131 \u00e7ok gen\u00e7 ya\u015fta kaybetti. Bu y\u00fczden i\u00e7inde ger\u00e7ek bir a\u00e7l\u0131k ve h\u0131rs var. O, ceza alan\u0131nda birinci s\u0131rada yer alan oyuncu. Her \u015feyi gol yapmak istiyor. Otelde dola\u015f\u0131rken bile, ak\u015fam yeme\u011finde b\u00fcfede birinci s\u0131rada yer al\u0131yor. Orada da dirsekleriyle yolunu a\u00e7\u0131yor.<\/p>\n<p> Onun \u00fczere bir oyuncunun olmas\u0131 ola\u011fan\u00fcst\u00fc. Grupta bu t\u00fcrl\u00fc bir ruhun olmas\u0131 gerekti\u011fini d\u00fc\u015f\u00fcn\u00fcyorum. Bu onu ger\u00e7ek bir ba\u015fkan yap\u0131yor ve bizim ku\u015fa\u011f\u0131m\u0131z ve gelecek jenerasyon oyuncular i\u00e7in \u00f6\u011frenilecek \u00e7ok \u015fey var.<\/p>\n<p> Bence bu da onu bir s\u00fcperstar yap\u0131yor.&#8221;<\/p>\n<p> <strong>&#8220;ONU B\u0130R BA\u015eKAN OLARAK G\u00d6R\u00dcYORLAR&#8221;<\/strong><\/p>\n<p> Nijerya efsanesi Yekini, \u00fclkesi i\u00e7in 58 ma\u00e7ta 37 gol att\u0131, Osimhen ise 50 ma\u00e7ta 35 gol att\u0131.<\/p>\n<p> Osimhen, bu Afrika Uluslar Kupas\u0131&#8217;nda Yekini&#8217;nin rekorunu k\u0131rarsa, Nijerya, bu yazki D\u00fcnya Kupas\u0131&#8217;na kat\u0131lamamas\u0131n\u0131n telafisini yapmak i\u00e7in d\u00f6rd\u00fcnc\u00fc k\u0131tasal \u015fampiyonlu\u011funu kazanabilir. Lakin Troost-Ekong, Osimhen&#8217;in akl\u0131ndaki birinci \u015feyin Afrika Uluslar Kupas\u0131&#8217;n\u0131 kazanmak oldu\u011funa inan\u0131yor.<\/p>\n<p> Osimhen, &#8220;Hepimiz tarihe ismimizi yazd\u0131rmak isteriz. Yekini \u00e7ok efsanevi bir isim. Victor&#8217;un onu ge\u00e7mesini sab\u0131rs\u0131zl\u0131kla bekliyorum, lakin Yekini&#8217;ye duydu\u011fu sayg\u0131y\u0131 korumak, onun nas\u0131l bir insan oldu\u011funu da \u00f6zetliyor bence. Evet, bence daha bir\u00e7ok gol atacak ve muhtemelen gelecek jenerasyonun pe\u015finde ko\u015faca\u011f\u0131 bir sonraki rekorun sahibi olacak.&#8221;<\/p>\n<p> Rekora \u00e7ok az bir aral\u0131k kala Nijeryal\u0131 futbol gazetecisi Oluwashina Okeleji, Osimhen&#8217;i &#8220;Nijerya futbolunun yeni kral\u0131&#8221; olarak tan\u0131mlad\u0131.<\/p>\n<p> Okeleji \u015f\u00f6yle dedi: &#8220;17 ya\u015f alt\u0131 kadrosunda oynad\u0131\u011f\u0131 g\u00fcnden beri bu muvaffakiyete ula\u015fmas\u0131 bekleniyordu. \u015eu anda kadroda, elbet en b\u00fcy\u00fck y\u0131ld\u0131z olarak g\u00f6r\u00fcl\u00fcyor ve be\u015ferler ona hayranl\u0131k duyuyor. Bu y\u00fczden o yokken Nijerya \u00e7\u00f6k\u00fcyor \u00fczere g\u00f6r\u00fcn\u00fcyor. Kaptanl\u0131k band\u0131n\u0131 takm\u0131yor olabilir lakin onu ba\u015fkan olarak g\u00f6r\u00fcyorlar.&#8221;<\/p>\n<p> <strong>\u015eAMP\u0130YONLUKLARLA DOLU KUL\u00dcP KAR\u0130YER\u0130<\/strong><\/p>\n<p> Osimhen nerede oynarsa oynas\u0131n, goller onu takip ediyor ve bu, kul\u00fcp mesle\u011fi boyunca a\u00e7\u0131k\u00e7a g\u00f6r\u00fcl\u00fcyor.<\/p>\n<p> Osimhen, 2019-20 d\u00f6neminde Ligue 1 tak\u0131m\u0131 Lille formas\u0131yla t\u00fcm turnuvalarda 18 gol atarak Avrupa&#8217;da ismini duyurdu ve akabinde Napoli&#8217;ye kul\u00fcp rekoru bir fiyatla transfer oldu. Osimhen&#8217;in mesle\u011fi, d\u00fcnyan\u0131n en korkulan forvetlerinden biri haline geldi\u011fi \u0130talya&#8217;da sahiden y\u00fckseldi.<\/p>\n<p> 2022-23 d\u00f6neminde att\u0131\u011f\u0131 26 gol, Napoli&#8217;nin 33 y\u0131l sonra birinci Scudetto&#8217;sunu kazanmas\u0131n\u0131 sa\u011flad\u0131 ve onu Napoli tarihine yazd\u0131rd\u0131. B\u00f6ylelikle Osimhen, 47 golle Serie A&#8217;da en \u00e7ok gol atan Afrikal\u0131 oyuncu olarak George Weah&#8217;\u0131 ge\u00e7ti.<\/p>\n<p> Nijeryal\u0131 oyuncunun Napoli&#8217;deki maceras\u0131 2023 yaz\u0131nda sona erdi ve Premier League&#8217;e transfer olaca\u011f\u0131 konu\u015fulurken, T\u00fcrk grubu Galatasaray bu harikulade forveti tak\u0131m\u0131na katt\u0131. Ba\u015flang\u0131\u00e7ta kiral\u0131k olarak transfer olan Osimhen, 30 ma\u00e7ta 26 gol atarak ligin en golc\u00fc oyuncusu oldu ve Galatasaray lig ve kupa ikilisini kazand\u0131.<\/p>\n<p> Art\u0131k T\u00fcrk \u015fampiyonunun bonservisli oyuncusu olan Osimhen, bir sefer daha formunda. Bu d\u00f6nem 12 ma\u00e7ta 6 gol att\u0131 ve futbol d\u00fcnyas\u0131n\u0131n en korkulan forvetlerinden biri olmaya devam ediyor.&#8221;<\/p>\n<\/div>\n","protected":false},"excerpt":{"rendered":"<p>BBC Sport, Galatasaray&#8217;\u0131n Nijeryal\u0131 y\u0131ld\u0131z\u0131 Victor Osimhen i\u00e7in \u00f6zel bir tahlil haz\u0131rlad\u0131.<\/p>\n","protected":false},"author":1,"featured_media":49522,"comment_status":"open","ping_status":"open","sticky":false,"template":"","format":"standard","meta":{"footnotes":""},"categories":[25],"tags":[77,2721,974,49],"class_list":["post-49521","post","type-post","status-publish","format-standard","has-post-thumbnail","hentry","category-futbol","tag-gol","tag-nijerya","tag-osimhen","tag-oyuncu"],"_links":{"self":[{"href":"https:\/\/haberbesiktas.tr\/index.php?rest_route=\/wp\/v2\/posts\/49521","targetHints":{"allow":["GET"]}}],"collection":[{"href":"https:\/\/haberbesiktas.tr\/index.php?rest_route=\/wp\/v2\/posts"}],"about":[{"href":"https:\/\/haberbesiktas.tr\/index.php?rest_route=\/wp\/v2\/types\/post"}],"author":[{"embeddable":true,"href":"https:\/\/haberbesiktas.tr\/index.php?rest_route=\/wp\/v2\/users\/1"}],"replies":[{"embeddable":true,"href":"https:\/\/haberbesiktas.tr\/index.php?rest_route=%2Fwp%2Fv2%2Fcomments&post=49521"}],"version-history":[{"count":1,"href":"https:\/\/haberbesiktas.tr\/index.php?rest_route=\/wp\/v2\/posts\/49521\/revisions"}],"predecessor-version":[{"id":49523,"href":"https:\/\/haberbesiktas.tr\/index.php?rest_route=\/wp\/v2\/posts\/49521\/revisions\/49523"}],"wp:featuredmedia":[{"embeddable":true,"href":"https:\/\/haberbesiktas.tr\/index.php?rest_route=\/wp\/v2\/media\/49522"}],"wp:attachment":[{"href":"https:\/\/haberbesiktas.tr\/index.php?rest_route=%2Fwp%2Fv2%2Fmedia&parent=49521"}],"wp:term":[{"taxonomy":"category","embeddable":true,"href":"https:\/\/haberbesiktas.tr\/index.php?rest_route=%2Fwp%2Fv2%2Fcategories&post=49521"},{"taxonomy":"post_tag","embeddable":true,"href":"https:\/\/haberbesiktas.tr\/index.php?rest_route=%2Fwp%2Fv2%2Ftags&post=49521"}],"curies":[{"name":"wp","href":"https:\/\/api.w.org\/{rel}","templated":true}]}}