{"id":49524,"date":"2026-01-15T10:24:03","date_gmt":"2026-01-15T10:24:03","guid":{"rendered":"https:\/\/haberbesiktas.tr\/?p=49524"},"modified":"2026-01-15T10:24:03","modified_gmt":"2026-01-15T10:24:03","slug":"galatasarayda-sylla-guveli-ve-frantti-darta-bevo-macinda-yok","status":"publish","type":"post","link":"https:\/\/haberbesiktas.tr\/?p=49524","title":{"rendered":"Galatasaray&#8217;da Sylla, G\u00fcveli ve Frantti Darta Bevo ma\u00e7\u0131nda yok"},"content":{"rendered":"<p>Galatasaray Daikin Bayan Voleybol Kadrosu oyuncular\u0131 Myriam Sylla ve Yasemin G\u00fcveli, sakatl\u0131klar\u0131 nedeniyle CEV Kupas\u0131&#8217;nda bu ak\u015fam oynanacak Darta Bevo m\u00fcsabakas\u0131n\u0131n tak\u0131m\u0131nda yer almayacak.<\/p>\n<p> Sar\u0131-k\u0131rm\u0131z\u0131l\u0131 kul\u00fcb\u00fcn a\u00e7\u0131klamas\u0131na nazaran Sylla ve G\u00fcveli, dizlerindeki sakatl\u0131k sebebiyle Darta Bevo gayretinde forma giyemeyecek.<\/p>\n<p> Galatasaray, omuz sakatl\u0131\u011f\u0131 ya\u015fayan Alexandra Frantti&#8217;nin de ma\u00e7 tak\u0131m\u0131nda yer almayaca\u011f\u0131n\u0131 duyurmu\u015ftu.<\/p>\n","protected":false},"excerpt":{"rendered":"<p>Galatasaray Daikin&#8217;de Myriam Sylla ve Yasemin G\u00fcveli diz sakatl\u0131klar\u0131, Alexandra Frantti ise omuz sakatl\u0131\u011f\u0131 nedeniyle CEV Kupas\u0131&#8217;ndaki Darta Bevo ma\u00e7\u0131nda forma giyemeyecek.<\/p>\n","protected":false},"author":1,"featured_media":49525,"comment_status":"open","ping_status":"open","sticky":false,"template":"","format":"standard","meta":{"footnotes":""},"categories":[39],"tags":[],"class_list":["post-49524","post","type-post","status-publish","format-standard","has-post-thumbnail","hentry","category-voleybol"],"_links":{"self":[{"href":"https:\/\/haberbesiktas.tr\/index.php?rest_route=\/wp\/v2\/posts\/49524","targetHints":{"allow":["GET"]}}],"collection":[{"href":"https:\/\/haberbesiktas.tr\/index.php?rest_route=\/wp\/v2\/posts"}],"about":[{"href":"https:\/\/haberbesiktas.tr\/index.php?rest_route=\/wp\/v2\/types\/post"}],"author":[{"embeddable":true,"href":"https:\/\/haberbesiktas.tr\/index.php?rest_route=\/wp\/v2\/users\/1"}],"replies":[{"embeddable":true,"href":"https:\/\/haberbesiktas.tr\/index.php?rest_route=%2Fwp%2Fv2%2Fcomments&post=49524"}],"version-history":[{"count":1,"href":"https:\/\/haberbesiktas.tr\/index.php?rest_route=\/wp\/v2\/posts\/49524\/revisions"}],"predecessor-version":[{"id":49526,"href":"https:\/\/haberbesiktas.tr\/index.php?rest_route=\/wp\/v2\/posts\/49524\/revisions\/49526"}],"wp:featuredmedia":[{"embeddable":true,"href":"https:\/\/haberbesiktas.tr\/index.php?rest_route=\/wp\/v2\/media\/49525"}],"wp:attachment":[{"href":"https:\/\/haberbesiktas.tr\/index.php?rest_route=%2Fwp%2Fv2%2Fmedia&parent=49524"}],"wp:term":[{"taxonomy":"category","embeddable":true,"href":"https:\/\/haberbesiktas.tr\/index.php?rest_route=%2Fwp%2Fv2%2Fcategories&post=49524"},{"taxonomy":"post_tag","embeddable":true,"href":"https:\/\/haberbesiktas.tr\/index.php?rest_route=%2Fwp%2Fv2%2Ftags&post=49524"}],"curies":[{"name":"wp","href":"https:\/\/api.w.org\/{rel}","templated":true}]}}