{"id":49527,"date":"2026-01-15T10:36:04","date_gmt":"2026-01-15T10:36:04","guid":{"rendered":"https:\/\/haberbesiktas.tr\/?p=49527"},"modified":"2026-01-15T10:36:04","modified_gmt":"2026-01-15T10:36:04","slug":"mario-leminadan-paylasimi-icin-yeni-aciklama","status":"publish","type":"post","link":"https:\/\/haberbesiktas.tr\/?p=49527","title":{"rendered":"Mario Lemina&#8217;dan payla\u015f\u0131m\u0131 i\u00e7in yeni a\u00e7\u0131klama"},"content":{"rendered":"<div>Galatasaray formas\u0131 giyen Mario Lemina, toplumsal medya hesab\u0131ndan bir a\u00e7\u0131klamada bulundu.<\/p>\n<p> Derbinin akabinde bir payla\u015f\u0131m yapan ve bu payla\u015f\u0131m\u0131n akabinde PFDK&#8217;ya sevk edilen Gabonlu orta saha oyuncusu, a\u00e7\u0131klamas\u0131nda ya\u015fanan s\u00fcrece de\u011findi.<\/p>\n<p> <strong>Mario Lemina&#8217;n\u0131n a\u00e7\u0131klamas\u0131 \u015fu bi\u00e7imde:<\/strong> <\/p>\n<p> &#8220;Benim hakk\u0131mda yanl\u0131\u015f bilgiler i\u00e7eren kimi yaz\u0131lar ve medya i\u00e7erikleri okumak beni \u015fa\u015f\u0131rtt\u0131.<\/p>\n<p> \u0130rtibat grubum taraf\u0131ndan payla\u015f\u0131lan bir g\u00f6r\u00fcnt\u00fcn\u00fcn yay\u0131mlanmas\u0131n\u0131n akabinde, durumu a\u00e7\u0131kl\u0131\u011fa kavu\u015fturmak istiyorum.<\/p>\n<p> G\u00f6r\u00fcnt\u00fcde, payla\u015f\u0131m s\u0131ras\u0131nda manas\u0131 net olarak anla\u015f\u0131lmayan kelamlar s\u00f6yleyen taraftarlar g\u00f6r\u00fclmektedir. En a\u00e7\u0131k bi\u00e7imde belirtmek isterim ki, bu kelamlar benim fikirlerimi, bedellerimi ya da niyetlerimi mutlaka yans\u0131tmamaktad\u0131r. Hi\u00e7bir bi\u00e7imde kimseye y\u00f6nelik k\u0131r\u0131c\u0131, incitici ya da ziyan verici bir iletisi te\u015fvik etmedim, desteklemedim yahut bu t\u00fcrl\u00fc bir niyet ta\u015f\u0131mad\u0131m.<\/p>\n<p> Ben, bu rol\u00fcn beraberinde getirdi\u011fi sorumluluklar\u0131n b\u00fcsb\u00fct\u00fcn fark\u0131nda olan profesyonel bir futbolcuyum.<br \/>Kariyerim boyunca sporuma, kul\u00fcb\u00fcme, grup arkada\u015flar\u0131ma, taraftarlara ve futbol kurumlar\u0131na kar\u015f\u0131 her vakit h\u00fcrmet, ba\u011fl\u0131l\u0131k ve adanm\u0131\u015fl\u0131k g\u00f6sterdim.<\/p>\n<p> Bu payla\u015f\u0131m\u0131n yaratt\u0131\u011f\u0131 durumdan ve yol a\u00e7m\u0131\u015f olabilece\u011fi yanl\u0131\u015f anla\u015f\u0131lmalardan samimiyetle h\u00fcz\u00fcn duyuyorum. Tek maksad\u0131m her vakit futbolu ve taraftar takviyesini olumlu ve birle\u015ftirici bir ruhla kutlamak olmu\u015ftur.<\/p>\n<p> H\u00fcrmet, fair play ve sorumluluk bedellerine olan ba\u011fl\u0131l\u0131\u011f\u0131m\u0131 bir sefer daha teyit ediyor; bu durumun netli\u011fe kavu\u015fmas\u0131na yard\u0131mc\u0131 olmak ismine ilgili makamlarla tam i\u015f birli\u011fi yapmaya haz\u0131r oldu\u011fumu belirtmek istiyorum.&#8221;<\/p>\n<\/div>\n","protected":false},"excerpt":{"rendered":"<p>Galatasaray formas\u0131 giyen Mario Lemina, toplumsal medya hesab\u0131ndan bir a\u00e7\u0131klama yapt\u0131.<\/p>\n","protected":false},"author":1,"featured_media":49528,"comment_status":"open","ping_status":"open","sticky":false,"template":"","format":"standard","meta":{"footnotes":""},"categories":[25],"tags":[],"class_list":["post-49527","post","type-post","status-publish","format-standard","has-post-thumbnail","hentry","category-futbol"],"_links":{"self":[{"href":"https:\/\/haberbesiktas.tr\/index.php?rest_route=\/wp\/v2\/posts\/49527","targetHints":{"allow":["GET"]}}],"collection":[{"href":"https:\/\/haberbesiktas.tr\/index.php?rest_route=\/wp\/v2\/posts"}],"about":[{"href":"https:\/\/haberbesiktas.tr\/index.php?rest_route=\/wp\/v2\/types\/post"}],"author":[{"embeddable":true,"href":"https:\/\/haberbesiktas.tr\/index.php?rest_route=\/wp\/v2\/users\/1"}],"replies":[{"embeddable":true,"href":"https:\/\/haberbesiktas.tr\/index.php?rest_route=%2Fwp%2Fv2%2Fcomments&post=49527"}],"version-history":[{"count":1,"href":"https:\/\/haberbesiktas.tr\/index.php?rest_route=\/wp\/v2\/posts\/49527\/revisions"}],"predecessor-version":[{"id":49529,"href":"https:\/\/haberbesiktas.tr\/index.php?rest_route=\/wp\/v2\/posts\/49527\/revisions\/49529"}],"wp:featuredmedia":[{"embeddable":true,"href":"https:\/\/haberbesiktas.tr\/index.php?rest_route=\/wp\/v2\/media\/49528"}],"wp:attachment":[{"href":"https:\/\/haberbesiktas.tr\/index.php?rest_route=%2Fwp%2Fv2%2Fmedia&parent=49527"}],"wp:term":[{"taxonomy":"category","embeddable":true,"href":"https:\/\/haberbesiktas.tr\/index.php?rest_route=%2Fwp%2Fv2%2Fcategories&post=49527"},{"taxonomy":"post_tag","embeddable":true,"href":"https:\/\/haberbesiktas.tr\/index.php?rest_route=%2Fwp%2Fv2%2Ftags&post=49527"}],"curies":[{"name":"wp","href":"https:\/\/api.w.org\/{rel}","templated":true}]}}