{"id":49548,"date":"2026-01-15T12:00:05","date_gmt":"2026-01-15T12:00:05","guid":{"rendered":"https:\/\/haberbesiktas.tr\/?p=49548"},"modified":"2026-01-15T12:00:05","modified_gmt":"2026-01-15T12:00:05","slug":"guti-hernandezden-vinicius-sorusuna-cevap","status":"publish","type":"post","link":"https:\/\/haberbesiktas.tr\/?p=49548","title":{"rendered":"Guti Hernandez&#8217;den Vinicius sorusuna cevap"},"content":{"rendered":"<div>Real Madrid&#8217;in efsane isimlerinden Guti Hernandez, ekibin k\u0131ymetli isimlerinden Vinicius Junior ile ilgili konu\u015ftu.<\/p>\n<p> Brezilyal\u0131 y\u0131ld\u0131z\u0131n m\u00fcmk\u00fcn sat\u0131\u015f\u0131yla ilgili gelen soruya kar\u015f\u0131l\u0131k veren Guti Hernandez, <strong>&#8220;Bilmiyorum, bence bu kul\u00fcb\u00fcn karar\u0131. Vinicius \u00e7ok de\u011ferli bir oyuncu. \u00c7ok para kazan\u0131p bir santrfor transfer edebilir ve Mbappe&#8217;yi sol kanatta kullanabiliriz, bu yanl\u0131\u015fs\u0131z. Yap\u0131labilecek \u00e7ok \u015fey var ancak bu kul\u00fcb\u00fcn karar\u0131.&#8221;<\/strong> diye konu\u015ftu.<\/p>\n<p> Vinicius Junior&#8217;dan \u00f6vg\u00fc dolu s\u00f6zlerle bahseden \u0130spanyol efsane, <strong>&#8220;Bence Vinicius \u015fu anda Real Madrid tak\u0131m\u0131nda dokunulmaz olmal\u0131. Bence o bu grubun kilit oyuncusu. Formunda oldu\u011funda, bence d\u00fcnyan\u0131n en yeterli be\u015f oyuncusundan biri.&#8221;<\/strong> kelamlar\u0131n\u0131 sarf etti. <\/p>\n<p> Real Madrid ile yeni kontrat imzalayaca\u011f\u0131 haberleri \u00e7\u0131kan 25 ya\u015f\u0131ndaki Vinicius&#8217;un, \u0130spanyol devi ile mevcut kontrat\u0131 2027 y\u0131l\u0131na kadar devam ediyor.<\/p>\n<p> Real Madrid formas\u0131 alt\u0131nda bu d\u00f6nem 27 ma\u00e7ta m\u00fchlet bulan Vinicius Junior, 6 gol att\u0131 ve 8 asist yapt\u0131.<\/p>\n<\/div>\n","protected":false},"excerpt":{"rendered":"<p>Real Madrid&#8217;in efsane isimlerinden Guti Hernandez, yeni kontrat haberleri \u00e7\u0131kan Vinicius Junior&#8217;un m\u00fcmk\u00fcn ayr\u0131l\u0131\u011f\u0131yla ilgili konu\u015ftu.<\/p>\n","protected":false},"author":1,"featured_media":49549,"comment_status":"open","ping_status":"open","sticky":false,"template":"","format":"standard","meta":{"footnotes":""},"categories":[25],"tags":[1666],"class_list":["post-49548","post","type-post","status-publish","format-standard","has-post-thumbnail","hentry","category-futbol","tag-vinicius"],"_links":{"self":[{"href":"https:\/\/haberbesiktas.tr\/index.php?rest_route=\/wp\/v2\/posts\/49548","targetHints":{"allow":["GET"]}}],"collection":[{"href":"https:\/\/haberbesiktas.tr\/index.php?rest_route=\/wp\/v2\/posts"}],"about":[{"href":"https:\/\/haberbesiktas.tr\/index.php?rest_route=\/wp\/v2\/types\/post"}],"author":[{"embeddable":true,"href":"https:\/\/haberbesiktas.tr\/index.php?rest_route=\/wp\/v2\/users\/1"}],"replies":[{"embeddable":true,"href":"https:\/\/haberbesiktas.tr\/index.php?rest_route=%2Fwp%2Fv2%2Fcomments&post=49548"}],"version-history":[{"count":1,"href":"https:\/\/haberbesiktas.tr\/index.php?rest_route=\/wp\/v2\/posts\/49548\/revisions"}],"predecessor-version":[{"id":49550,"href":"https:\/\/haberbesiktas.tr\/index.php?rest_route=\/wp\/v2\/posts\/49548\/revisions\/49550"}],"wp:featuredmedia":[{"embeddable":true,"href":"https:\/\/haberbesiktas.tr\/index.php?rest_route=\/wp\/v2\/media\/49549"}],"wp:attachment":[{"href":"https:\/\/haberbesiktas.tr\/index.php?rest_route=%2Fwp%2Fv2%2Fmedia&parent=49548"}],"wp:term":[{"taxonomy":"category","embeddable":true,"href":"https:\/\/haberbesiktas.tr\/index.php?rest_route=%2Fwp%2Fv2%2Fcategories&post=49548"},{"taxonomy":"post_tag","embeddable":true,"href":"https:\/\/haberbesiktas.tr\/index.php?rest_route=%2Fwp%2Fv2%2Ftags&post=49548"}],"curies":[{"name":"wp","href":"https:\/\/api.w.org\/{rel}","templated":true}]}}