{"id":49562,"date":"2026-01-15T12:48:06","date_gmt":"2026-01-15T12:48:06","guid":{"rendered":"https:\/\/haberbesiktas.tr\/?p=49562"},"modified":"2026-01-15T12:48:06","modified_gmt":"2026-01-15T12:48:06","slug":"pfdk-cezalari-aciklandi-lemina-duran-oosterwolde","status":"publish","type":"post","link":"https:\/\/haberbesiktas.tr\/?p=49562","title":{"rendered":"PFDK cezalar\u0131 a\u00e7\u0131kland\u0131: Lemina, Duran, Oosterwolde"},"content":{"rendered":"<div>PFDK, \u00dcst\u00fcn Kupa finalinde oynanan Galatasaray &#8211; Fenerbah\u00e7e derbisinin akabinde \u00fc\u00e7 futbolcuya ceza verdi.<\/p>\n<p>Galatasaray&#8217;dan Mario Lemina ve Fenerbah\u00e7e&#8217;den Jhon Duran&#8217;a para cezas\u0131 verildi. Fenerbah\u00e7e&#8217;den Jayden Oosterwolde ise 1 ma\u00e7 men cezas\u0131 ald\u0131.<\/p>\n<p> <strong>PFDK&#8217;n\u0131n a\u00e7\u0131klamas\u0131 \u015fu bi\u00e7imde:<\/strong><\/p>\n<p> &#8220;1-GALATASARAY A.\u015e. sportmeni MARIO RENE JUNIOR LEMINA&#8217; n\u0131n, 10.01.2026 tarihinde oynanan GALATASARAY A.\u015e.-FENERBAH\u00c7E A.\u015e. Turkcell \u00dcst\u00fcn Kupa kar\u015f\u0131la\u015fmas\u0131nda, kar\u015f\u0131la\u015fma sonras\u0131 toplumsal medya hesab\u0131ndan (Instagram) yapm\u0131\u015f oldu\u011fu payla\u015f\u0131m\u0131nda yer alan sportmenli\u011fe ters hareketi nedeniyle FDT&#8217;nin 36\/2. ve 35\/4. hususlar\u0131 uyar\u0131nca 400.000.-TL PARA CEZASI ile cezaland\u0131r\u0131lmas\u0131na, <\/p>\n<p> 2- FENERBAH\u00c7E A.\u015e. atleti JHON JADER DURAN PALACIOS&#8217;un, 10.01.2026 tarihinde oynanan GALATASARAY A.\u015e.-FENERBAH\u00c7E A.\u015e. Turkcell Harika Kupa kar\u015f\u0131la\u015fmas\u0131nda, kar\u015f\u0131la\u015fma sonras\u0131 toplumsal medya hesab\u0131ndan (Instagram) yapm\u0131\u015f oldu\u011fu payla\u015f\u0131m\u0131nda yer alan sportmenli\u011fe muhalif hareketi nedeniyle FDT&#8217;nin 36\/2. ve 35\/4. hususlar\u0131 uyar\u0131nca 400.000.-TL PARA CEZASI ile cezaland\u0131r\u0131lmas\u0131na, (oy\u00e7oklu\u011fu)<\/p>\n<p> Birebir kar\u015f\u0131la\u015fmada FENERBAH\u00c7E A.\u015e. atleti JAYDEN QUINN OOSTERWOLDE&#8217;nin, kar\u015f\u0131la\u015fma sonras\u0131 toplumsal medya hesab\u0131ndan (Instagram) yapm\u0131\u015f oldu\u011fu payla\u015f\u0131m\u0131nda yer alan rakip grup atletine y\u00f6nelik sportmenli\u011fe al\u0131\u015f\u0131lmam\u0131\u015f hareketi nedeniyle FDT&#8217;nin 36\/1-a ve 35\/4. hususlar\u0131 uyar\u0131nca 1 RESM\u0130 KAR\u015eILA\u015eMADAN MEN ve 400.000.-TL PARA CEZASI ile cezaland\u0131r\u0131lmas\u0131na,(oy\u00e7oklu\u011fu)<\/p>\n<p> Karar verilmi\u015ftir.&#8221;<\/p>\n<\/div>\n","protected":false},"excerpt":{"rendered":"<p>PFDK, Mario Lemina ve Jhon Duran&#8217;a para cezas\u0131 verdi. Jayden Oosterwolde ise 1 ma\u00e7 men cezas\u0131 ald\u0131.<\/p>\n","protected":false},"author":1,"featured_media":49563,"comment_status":"open","ping_status":"open","sticky":false,"template":"","format":"standard","meta":{"footnotes":""},"categories":[25],"tags":[505,115,129,748],"class_list":["post-49562","post","type-post","status-publish","format-standard","has-post-thumbnail","hentry","category-futbol","tag-ceza","tag-fenerbahce","tag-galatasaray","tag-musabaka"],"_links":{"self":[{"href":"https:\/\/haberbesiktas.tr\/index.php?rest_route=\/wp\/v2\/posts\/49562","targetHints":{"allow":["GET"]}}],"collection":[{"href":"https:\/\/haberbesiktas.tr\/index.php?rest_route=\/wp\/v2\/posts"}],"about":[{"href":"https:\/\/haberbesiktas.tr\/index.php?rest_route=\/wp\/v2\/types\/post"}],"author":[{"embeddable":true,"href":"https:\/\/haberbesiktas.tr\/index.php?rest_route=\/wp\/v2\/users\/1"}],"replies":[{"embeddable":true,"href":"https:\/\/haberbesiktas.tr\/index.php?rest_route=%2Fwp%2Fv2%2Fcomments&post=49562"}],"version-history":[{"count":1,"href":"https:\/\/haberbesiktas.tr\/index.php?rest_route=\/wp\/v2\/posts\/49562\/revisions"}],"predecessor-version":[{"id":49564,"href":"https:\/\/haberbesiktas.tr\/index.php?rest_route=\/wp\/v2\/posts\/49562\/revisions\/49564"}],"wp:featuredmedia":[{"embeddable":true,"href":"https:\/\/haberbesiktas.tr\/index.php?rest_route=\/wp\/v2\/media\/49563"}],"wp:attachment":[{"href":"https:\/\/haberbesiktas.tr\/index.php?rest_route=%2Fwp%2Fv2%2Fmedia&parent=49562"}],"wp:term":[{"taxonomy":"category","embeddable":true,"href":"https:\/\/haberbesiktas.tr\/index.php?rest_route=%2Fwp%2Fv2%2Fcategories&post=49562"},{"taxonomy":"post_tag","embeddable":true,"href":"https:\/\/haberbesiktas.tr\/index.php?rest_route=%2Fwp%2Fv2%2Ftags&post=49562"}],"curies":[{"name":"wp","href":"https:\/\/api.w.org\/{rel}","templated":true}]}}