{"id":49576,"date":"2026-01-15T13:36:04","date_gmt":"2026-01-15T13:36:04","guid":{"rendered":"https:\/\/haberbesiktas.tr\/?p=49576"},"modified":"2026-01-15T13:36:04","modified_gmt":"2026-01-15T13:36:04","slug":"ertan-torunogullarindan-transfer-icin-aciklama","status":"publish","type":"post","link":"https:\/\/haberbesiktas.tr\/?p=49576","title":{"rendered":"Ertan Toruno\u011fullar\u0131&#8217;ndan transfer i\u00e7in a\u00e7\u0131klama"},"content":{"rendered":"<div>Frans\u0131z orta saha oyuncusu N&#8217;Golo Kante&#8217;nin transferi s\u00fcreci Dubai&#8217;ye giden Fenerbah\u00e7eli y\u00f6neticiler, T\u00fcrkiye d\u00f6nd\u00fc.<\/p>\n<p> Sar\u0131-lacivertli y\u00f6netici Ertan Toruno\u011fullar\u0131 ve sportif y\u00f6netici Devin \u00d6zek, 34 ya\u015f\u0131ndaki Kante ile prensip muahedesine vard\u0131ktan sonra T\u00fcrkiye&#8217;ye geldi.<\/p>\n<p> Ertan Toruno\u011fullar\u0131 havaliman\u0131nda yapt\u0131\u011f\u0131 a\u00e7\u0131klamada &#8220;<strong>Taraftarlar\u0131m\u0131z rahat olsun, transferleri yapaca\u011f\u0131z. Merak etmesinler&#8221;<\/strong> s\u00f6zlerini kulland\u0131. <\/p>\n<p> N&#8217;Golo Kante&#8217;nin Suudi Arabistan Ligi gruplar\u0131ndan Al-Ittihad ile bonservis problemini \u00e7\u00f6zmesini bekleyen Fenerbah\u00e7eli yetkililer duruma nazaran hareket edecek. Sar\u0131-lacivertliler, olumlu haber geldikten sonra \u00f6zel u\u00e7akla Suudi Arabistan&#8217;a Kante&#8217;yi almak i\u00e7in gidecek.<\/p>\n<p> \u00d6te yandan Fenerbah\u00e7e, N&#8217;Golo Kante ile 2,5 y\u0131ll\u0131k mukavele imzalayacak.<\/p>\n<p> <strong>KAR\u0130YER \u00d6ZET\u0130<\/strong><\/p>\n<p> 34 ya\u015f\u0131ndaki Frans\u0131z \u00f6n libero, 2023 y\u0131l\u0131nda Chelsea&#8217;den ayr\u0131larak Al-Ittihad&#8217;a transfer olmu\u015ftu. Mesle\u011finde toplam 533 resmi ma\u00e7a \u00e7\u0131kan Kante, 33 gol ve 39 asistlik performans sergiledi.<\/p>\n<\/div>\n","protected":false},"excerpt":{"rendered":"<p>N&#8217;Golo Kante&#8217;nin menajeri ile g\u00f6r\u00fc\u015fen Fenerbah\u00e7eli y\u00f6netici Ertan Toruno\u011fullar\u0131, havaliman\u0131nda a\u00e7\u0131klama yapt\u0131.<\/p>\n","protected":false},"author":1,"featured_media":49577,"comment_status":"open","ping_status":"open","sticky":false,"template":"","format":"standard","meta":{"footnotes":""},"categories":[25],"tags":[3749],"class_list":["post-49576","post","type-post","status-publish","format-standard","has-post-thumbnail","hentry","category-futbol","tag-kante"],"_links":{"self":[{"href":"https:\/\/haberbesiktas.tr\/index.php?rest_route=\/wp\/v2\/posts\/49576","targetHints":{"allow":["GET"]}}],"collection":[{"href":"https:\/\/haberbesiktas.tr\/index.php?rest_route=\/wp\/v2\/posts"}],"about":[{"href":"https:\/\/haberbesiktas.tr\/index.php?rest_route=\/wp\/v2\/types\/post"}],"author":[{"embeddable":true,"href":"https:\/\/haberbesiktas.tr\/index.php?rest_route=\/wp\/v2\/users\/1"}],"replies":[{"embeddable":true,"href":"https:\/\/haberbesiktas.tr\/index.php?rest_route=%2Fwp%2Fv2%2Fcomments&post=49576"}],"version-history":[{"count":1,"href":"https:\/\/haberbesiktas.tr\/index.php?rest_route=\/wp\/v2\/posts\/49576\/revisions"}],"predecessor-version":[{"id":49578,"href":"https:\/\/haberbesiktas.tr\/index.php?rest_route=\/wp\/v2\/posts\/49576\/revisions\/49578"}],"wp:featuredmedia":[{"embeddable":true,"href":"https:\/\/haberbesiktas.tr\/index.php?rest_route=\/wp\/v2\/media\/49577"}],"wp:attachment":[{"href":"https:\/\/haberbesiktas.tr\/index.php?rest_route=%2Fwp%2Fv2%2Fmedia&parent=49576"}],"wp:term":[{"taxonomy":"category","embeddable":true,"href":"https:\/\/haberbesiktas.tr\/index.php?rest_route=%2Fwp%2Fv2%2Fcategories&post=49576"},{"taxonomy":"post_tag","embeddable":true,"href":"https:\/\/haberbesiktas.tr\/index.php?rest_route=%2Fwp%2Fv2%2Ftags&post=49576"}],"curies":[{"name":"wp","href":"https:\/\/api.w.org\/{rel}","templated":true}]}}