{"id":49662,"date":"2026-01-15T19:00:05","date_gmt":"2026-01-15T19:00:05","guid":{"rendered":"https:\/\/haberbesiktas.tr\/?p=49662"},"modified":"2026-01-15T19:00:05","modified_gmt":"2026-01-15T19:00:05","slug":"baris-alper-olmasa-sikinti","status":"publish","type":"post","link":"https:\/\/haberbesiktas.tr\/?p=49662","title":{"rendered":"Bar\u0131\u015f Alper olmasa s\u0131k\u0131nt\u0131!"},"content":{"rendered":"<div>Sezon ba\u015f\u0131nda Suudi Arabistan&#8217;dan ald\u0131\u011f\u0131 astronomik tekliflerle ba\u015f\u0131 kar\u0131\u015fan ve bir periyot tak\u0131m d\u0131\u015f\u0131 kalan Bar\u0131\u015f Alper Y\u0131lmaz, Galatasaray&#8217;\u0131n resmen kurtar\u0131c\u0131s\u0131 oldu.<\/p>\n<p> T\u00fcrkiye Kupas\u0131&#8217;nda oynanan Fethiyespor ma\u00e7\u0131n\u0131 kul\u00fcbeden gelip \u00e7\u00f6zen isim olan 25 ya\u015f\u0131ndaki futbolcu; 1 gol, 1 asistle galibiyeti getirdi.<\/p>\n<p> D\u00f6nem ortas\u0131nda 6 gol-8 asiste ula\u015fan Bar\u0131\u015f Alper, 14 goll\u00fck skor katk\u0131s\u0131yla Galatasaray&#8217;da tepeye \u00e7\u0131kt\u0131.<\/p>\n<p> Ulusal futbolcuyu grup i\u00e7inde 6 gol-7 asistle 13 defa tabelay\u0131 de\u011fi\u015ftiren Sane izliyor.<\/p>\n<\/div>\n","protected":false},"excerpt":{"rendered":"<p>Fethiyespor&#8217;a kar\u015f\u0131 1 gol ve 1 asistle kurtar\u0131c\u0131 olan Bar\u0131\u015f Alper Y\u0131lmaz, kurtar\u0131c\u0131 oldu.<\/p>\n","protected":false},"author":1,"featured_media":49663,"comment_status":"open","ping_status":"open","sticky":false,"template":"","format":"standard","meta":{"footnotes":""},"categories":[25],"tags":[],"class_list":["post-49662","post","type-post","status-publish","format-standard","has-post-thumbnail","hentry","category-futbol"],"_links":{"self":[{"href":"https:\/\/haberbesiktas.tr\/index.php?rest_route=\/wp\/v2\/posts\/49662","targetHints":{"allow":["GET"]}}],"collection":[{"href":"https:\/\/haberbesiktas.tr\/index.php?rest_route=\/wp\/v2\/posts"}],"about":[{"href":"https:\/\/haberbesiktas.tr\/index.php?rest_route=\/wp\/v2\/types\/post"}],"author":[{"embeddable":true,"href":"https:\/\/haberbesiktas.tr\/index.php?rest_route=\/wp\/v2\/users\/1"}],"replies":[{"embeddable":true,"href":"https:\/\/haberbesiktas.tr\/index.php?rest_route=%2Fwp%2Fv2%2Fcomments&post=49662"}],"version-history":[{"count":1,"href":"https:\/\/haberbesiktas.tr\/index.php?rest_route=\/wp\/v2\/posts\/49662\/revisions"}],"predecessor-version":[{"id":49664,"href":"https:\/\/haberbesiktas.tr\/index.php?rest_route=\/wp\/v2\/posts\/49662\/revisions\/49664"}],"wp:featuredmedia":[{"embeddable":true,"href":"https:\/\/haberbesiktas.tr\/index.php?rest_route=\/wp\/v2\/media\/49663"}],"wp:attachment":[{"href":"https:\/\/haberbesiktas.tr\/index.php?rest_route=%2Fwp%2Fv2%2Fmedia&parent=49662"}],"wp:term":[{"taxonomy":"category","embeddable":true,"href":"https:\/\/haberbesiktas.tr\/index.php?rest_route=%2Fwp%2Fv2%2Fcategories&post=49662"},{"taxonomy":"post_tag","embeddable":true,"href":"https:\/\/haberbesiktas.tr\/index.php?rest_route=%2Fwp%2Fv2%2Ftags&post=49662"}],"curies":[{"name":"wp","href":"https:\/\/api.w.org\/{rel}","templated":true}]}}