{"id":49684,"date":"2026-01-15T20:24:06","date_gmt":"2026-01-15T20:24:06","guid":{"rendered":"https:\/\/haberbesiktas.tr\/?p=49684"},"modified":"2026-01-15T20:24:06","modified_gmt":"2026-01-15T20:24:06","slug":"can-armando-gunerden-galatasaraya-takip","status":"publish","type":"post","link":"https:\/\/haberbesiktas.tr\/?p=49684","title":{"rendered":"Can Armando G\u00fcner&#8217;den Galatasaray&#8217;a takip"},"content":{"rendered":"<div>Galatasaray, Can Armando G\u00fcner transferinde memnun sona ula\u015ft\u0131.<\/p>\n<p> Borussia M\u00f6nchengladbach formas\u0131 giyen 18 ya\u015f\u0131ndaki kanat oyuncusu, ge\u00e7ti\u011fimiz g\u00fcnlerde \u0130stanbul&#8217;a gelmi\u015f fakat Alman kul\u00fcb\u00fcn\u00fcn a\u00e7\u0131klamalar\u0131 sonras\u0131 geri d\u00f6nm\u00fc\u015ft\u00fc.<\/p>\n<p> Daha sonra Fenerbah\u00e7e&#8217;nin de devreye girdi\u011fi Can Armando G\u00fcner ile ilgili s\u0131cak geli\u015fmeler ya\u015fand\u0131.<\/p>\n<p> Gen\u00e7 oyuncu, sar\u0131 k\u0131rm\u0131z\u0131l\u0131 yetkililer Abdullah Kavukcu ve Fatih Demireli&#8217;yi toplumsal medya hesab\u0131ndan takibe ald\u0131.<\/p>\n<p> Ayr\u0131yeten Abdullah Kavukcu da Can Armando G\u00fcner&#8217;i takip etti.<\/p>\n<p> <img decoding=\"async\" src=\"https:\/\/haberbesiktas.tr\/wp-content\/uploads\/2026\/01\/can-armando-gunerden-galatasaraya-takip-0-57InaWsZ.jpg\"\/><br \/><img decoding=\"async\" src=\"https:\/\/haberbesiktas.tr\/wp-content\/uploads\/2026\/01\/can-armando-gunerden-galatasaraya-takip-1-hqlQFnSe.jpg\"\/><\/p>\n<\/div>\n","protected":false},"excerpt":{"rendered":"<p>Galatasaray, transferde sorun \u00e7\u0131kmas\u0131na kar\u015f\u0131n Can Armando G\u00fcner i\u00e7in mutabakatlar\u0131 tamamlad\u0131.<\/p>\n","protected":false},"author":1,"featured_media":49685,"comment_status":"open","ping_status":"open","sticky":false,"template":"","format":"standard","meta":{"footnotes":""},"categories":[25],"tags":[],"class_list":["post-49684","post","type-post","status-publish","format-standard","has-post-thumbnail","hentry","category-futbol"],"_links":{"self":[{"href":"https:\/\/haberbesiktas.tr\/index.php?rest_route=\/wp\/v2\/posts\/49684","targetHints":{"allow":["GET"]}}],"collection":[{"href":"https:\/\/haberbesiktas.tr\/index.php?rest_route=\/wp\/v2\/posts"}],"about":[{"href":"https:\/\/haberbesiktas.tr\/index.php?rest_route=\/wp\/v2\/types\/post"}],"author":[{"embeddable":true,"href":"https:\/\/haberbesiktas.tr\/index.php?rest_route=\/wp\/v2\/users\/1"}],"replies":[{"embeddable":true,"href":"https:\/\/haberbesiktas.tr\/index.php?rest_route=%2Fwp%2Fv2%2Fcomments&post=49684"}],"version-history":[{"count":1,"href":"https:\/\/haberbesiktas.tr\/index.php?rest_route=\/wp\/v2\/posts\/49684\/revisions"}],"predecessor-version":[{"id":49688,"href":"https:\/\/haberbesiktas.tr\/index.php?rest_route=\/wp\/v2\/posts\/49684\/revisions\/49688"}],"wp:featuredmedia":[{"embeddable":true,"href":"https:\/\/haberbesiktas.tr\/index.php?rest_route=\/wp\/v2\/media\/49685"}],"wp:attachment":[{"href":"https:\/\/haberbesiktas.tr\/index.php?rest_route=%2Fwp%2Fv2%2Fmedia&parent=49684"}],"wp:term":[{"taxonomy":"category","embeddable":true,"href":"https:\/\/haberbesiktas.tr\/index.php?rest_route=%2Fwp%2Fv2%2Fcategories&post=49684"},{"taxonomy":"post_tag","embeddable":true,"href":"https:\/\/haberbesiktas.tr\/index.php?rest_route=%2Fwp%2Fv2%2Ftags&post=49684"}],"curies":[{"name":"wp","href":"https:\/\/api.w.org\/{rel}","templated":true}]}}