{"id":49692,"date":"2026-01-15T20:48:05","date_gmt":"2026-01-15T20:48:05","guid":{"rendered":"https:\/\/haberbesiktas.tr\/?p=49692"},"modified":"2026-01-15T20:48:05","modified_gmt":"2026-01-15T20:48:05","slug":"fenerbahcede-ngolo-kante-icin-ucus-plani-hazir","status":"publish","type":"post","link":"https:\/\/haberbesiktas.tr\/?p=49692","title":{"rendered":"Fenerbah\u00e7e&#8217;de N&#8217;Golo Kante i\u00e7in u\u00e7u\u015f plan\u0131 haz\u0131r!"},"content":{"rendered":"<div>\n<p>Fenerbah\u00e7e&#8217;nin d\u00fcnyaca \u00fcnl\u00fc y\u0131ld\u0131z N&#8217;Golo Kante i\u00e7in y\u00fcr\u00fctt\u00fc\u011f\u00fc transfer \u00e7al\u0131\u015fmas\u0131nda kritik evreye gelindi. Sar\u0131-lacivertli kul\u00fcpte s\u00fcrecin art\u0131k son d\u00fczl\u00fc\u011fe girdi\u011fini g\u00f6steren yeni ayr\u0131nt\u0131lar ortaya \u00e7\u0131kt\u0131.<\/p>\n<p> Daha evvel Dubai&#8217;ye giderek Kante ile prensip mutabakat\u0131na varan Fenerbah\u00e7eli y\u00f6neticiler Ertan Toruno\u011fullar\u0131 ve sportif y\u00f6netici Devin \u00d6zek, T\u00fcrkiye&#8217;ye d\u00f6nm\u00fc\u015ft\u00fc.\u00a0<\/p>\n<p> <strong>U\u00c7U\u015e PLANI BEL\u0130RL\u0130 OLDU<\/strong> <\/p>\n<p> <span><em><strong>Sercan Hamzao\u011flu&#8217;nun aktard\u0131\u011f\u0131 bilgilere nazaran,<\/strong><\/em><\/span> Fenerbah\u00e7e&#8217;de Ertan Toruno\u011fullar\u0131, Devin \u00d6zek, \u00d6mer Topba\u015f ve Berke \u00c7elebi, 16 Ocak&#8217;ta saat 00.55&#8217;te Abu Dabi&#8217;ye u\u00e7acak.\u00a0<\/p>\n<p> <strong>D\u00d6N\u00dc\u015e VE MA\u00c7 PROGRAMI NET<\/strong><\/p>\n<p> Sar\u0131-lacivertli grubun 18 Ocak&#8217;ta saat 06.35&#8217;te \u0130stanbul&#8217;a d\u00f6nmesi planlan\u0131yor. \u0130dare, d\u00f6n\u00fc\u015f\u00fcn \u00e7abucak akabinde t\u0131pk\u0131 g\u00fcn 09.30&#8217;da \u0130stanbul&#8217;dan Antalya&#8217;ya ge\u00e7erek ma\u00e7 program\u0131na kat\u0131lacak.\u00a0<\/p>\n<p> Fenerbah\u00e7e, Frans\u0131z y\u0131ld\u0131zla 2,5 y\u0131ll\u0131k mukavele imzalamay\u0131 planl\u0131yor.<\/p>\n<p><strong>ERTAN TORUNO\u011eULLARI NE DEM\u0130\u015eT\u0130?<\/strong><\/p>\n<p> Fenerbah\u00e7e&#8217;de yurt d\u0131\u015f\u0131 seferinden d\u00f6nen Ertan Toruno\u011fullar\u0131, kupada Beyo\u011flu Yeni \u00c7ar\u015f\u0131 ile oynanan ma\u00e7\u0131 stadyumdan takip etti.<\/p>\n<p> Toruno\u011fullar\u0131, burada, <strong>&#8220;Kante geliyor mu?&#8221;<\/strong> formunda gelen sorunun akabinde, <strong>&#8220;Geliyor.&#8221;<\/strong> cevab\u0131n\u0131 verdi.<\/p>\n<p> <strong>SADETT\u0130N SARAN NE DEM\u0130\u015eT\u0130?<\/strong><\/p>\n<p> Fenerbah\u00e7e Ba\u015fkan\u0131 Sadettin Saran da Beyo\u011flu Yeni \u00c7ar\u015f\u0131 ma\u00e7\u0131n\u0131n akabinde transfer sorusuna cevap verdi.<\/p>\n<p> <strong>&#8220;Transferde son durum nedir?&#8221;<\/strong> sorusuna cevap veren Fenerbah\u00e7e Ba\u015fkan\u0131 Saran, <strong>&#8220;Bakaca\u011f\u0131z.&#8221;<\/strong> s\u00f6zlerini kulland\u0131.<\/p>\n<p> <strong>KAR\u0130YER \u00d6ZET\u0130<\/strong><\/p>\n<p> Chelsea&#8217;den 2023 y\u0131l\u0131nda ayr\u0131larak Al-Ittihad&#8217;a transfer olan 34 ya\u015f\u0131ndaki N&#8217;Golo Kante, mesle\u011finde 533 resmi ma\u00e7ta 33 gol ve 39 asist kaydetti.\u00a0<\/p>\n<\/div>\n","protected":false},"excerpt":{"rendered":"<p>Fenerbah\u00e7e&#8217;de Frans\u0131z y\u0131ld\u0131z N&#8217;Golo Kante transferinde sona yakla\u015f\u0131ld\u0131. Sar\u0131-lacivertli y\u00f6neticilerin 16 Ocak&#8217;ta Abu Dabi&#8217;ye u\u00e7aca\u011f\u0131, g\u00f6r\u00fc\u015fmelerin imza etab\u0131na geldi\u011fi \u00f6\u011frenildi. \u0130\u015fte detaylar\u2026<\/p>\n","protected":false},"author":1,"featured_media":49693,"comment_status":"open","ping_status":"open","sticky":false,"template":"","format":"standard","meta":{"footnotes":""},"categories":[25],"tags":[115,50,3757],"class_list":["post-49692","post","type-post","status-publish","format-standard","has-post-thumbnail","hentry","category-futbol","tag-fenerbahce","tag-mac","tag-torunogullari"],"_links":{"self":[{"href":"https:\/\/haberbesiktas.tr\/index.php?rest_route=\/wp\/v2\/posts\/49692","targetHints":{"allow":["GET"]}}],"collection":[{"href":"https:\/\/haberbesiktas.tr\/index.php?rest_route=\/wp\/v2\/posts"}],"about":[{"href":"https:\/\/haberbesiktas.tr\/index.php?rest_route=\/wp\/v2\/types\/post"}],"author":[{"embeddable":true,"href":"https:\/\/haberbesiktas.tr\/index.php?rest_route=\/wp\/v2\/users\/1"}],"replies":[{"embeddable":true,"href":"https:\/\/haberbesiktas.tr\/index.php?rest_route=%2Fwp%2Fv2%2Fcomments&post=49692"}],"version-history":[{"count":1,"href":"https:\/\/haberbesiktas.tr\/index.php?rest_route=\/wp\/v2\/posts\/49692\/revisions"}],"predecessor-version":[{"id":49694,"href":"https:\/\/haberbesiktas.tr\/index.php?rest_route=\/wp\/v2\/posts\/49692\/revisions\/49694"}],"wp:featuredmedia":[{"embeddable":true,"href":"https:\/\/haberbesiktas.tr\/index.php?rest_route=\/wp\/v2\/media\/49693"}],"wp:attachment":[{"href":"https:\/\/haberbesiktas.tr\/index.php?rest_route=%2Fwp%2Fv2%2Fmedia&parent=49692"}],"wp:term":[{"taxonomy":"category","embeddable":true,"href":"https:\/\/haberbesiktas.tr\/index.php?rest_route=%2Fwp%2Fv2%2Fcategories&post=49692"},{"taxonomy":"post_tag","embeddable":true,"href":"https:\/\/haberbesiktas.tr\/index.php?rest_route=%2Fwp%2Fv2%2Ftags&post=49692"}],"curies":[{"name":"wp","href":"https:\/\/api.w.org\/{rel}","templated":true}]}}