{"id":49695,"date":"2026-01-15T21:00:06","date_gmt":"2026-01-15T21:00:06","guid":{"rendered":"https:\/\/haberbesiktas.tr\/?p=49695"},"modified":"2026-01-15T21:00:06","modified_gmt":"2026-01-15T21:00:06","slug":"osimhen-karari-nijeryayi-ikiye-boldu","status":"publish","type":"post","link":"https:\/\/haberbesiktas.tr\/?p=49695","title":{"rendered":"Osimhen karar\u0131, Nijerya&#8217;y\u0131 ikiye b\u00f6ld\u00fc!"},"content":{"rendered":"<div>Afrika Uluslar Kupas\u0131 yar\u0131 finalinde Nijerya ile Fas kar\u015f\u0131 kar\u015f\u0131ya geldi. 120 dakikas\u0131 gols\u00fcz sona eren u\u011fra\u015fta penalt\u0131lara giden ma\u00e7ta kazanan Fas oldu.<\/p>\n<p> Final biletini alan taraf Fenerbah\u00e7eli y\u0131ld\u0131z En-Nesyri&#8217;nin att\u0131\u011f\u0131 son penalt\u0131yla belirlenirken, Nijerya&#8217;da Victor Osimhen&#8217;in penalt\u0131lar \u00f6ncesi oyundan al\u0131nmas\u0131 b\u00fcy\u00fck tart\u0131\u015fma yaratt\u0131.<\/p>\n<p> Osimhen&#8217;in, Lookman&#8217;\u0131n ve Iwobi&#8217;nin Nijerya&#8217;da penalt\u0131 kullanmamas\u0131 \u00fclke bas\u0131n\u0131nda &#8216;tarihin en \u00e7\u0131lg\u0131nca olay\u0131&#8217; olarak yorumland\u0131. <\/p>\n<p> Nijerya&#8217;da Wilfred Ndidi&#8217;nin yoklu\u011funda Victor Osimhen ma\u00e7a birinci 11&#8217;de ba\u015flad\u0131. Trabzonsporlu Paul Onuachu ise yedekler ortas\u0131nda yer ald\u0131. Fas&#8217;ta ise Youssef En-Nesyri u\u011fra\u015fa kul\u00fcbede ba\u015flayanlar ortas\u0131ndayd\u0131.<\/p>\n<p> Prens Moulay Abdallah Stadyumu&#8217;nda gols\u00fcz ge\u00e7ilen 120 dakikan\u0131n akabinde finalisti belirlemek i\u00e7in seri penalt\u0131 at\u0131\u015flar\u0131na ge\u00e7ildi.<\/p>\n<p> <span><strong>PENALTILAR \u00d6NCES\u0130 2 DE\u011e\u0130\u015e\u0130KL\u0130K YAPTI<\/strong><\/span><\/p>\n<p> Nijerya Teknik Y\u00f6neticisi Eric Chelle penalt\u0131 at\u0131\u015flar\u0131na ge\u00e7ilmeden Osimhen&#8217;i oyundan \u00e7\u0131kard\u0131 ve seri at\u0131\u015flara Onuachu ve Chukwueze de\u011fi\u015fiklikleri ile gitti.<\/p>\n<p> Yap\u0131lan de\u011fi\u015fiklik tart\u0131\u015fmalar\u0131n fitilini ate\u015flerken penalt\u0131lar \u00f6ncesi oyuna al\u0131nan Chukwueze ekibini yakt\u0131. Penalt\u0131lara ge\u00e7ildikten sonra Nijerya&#8217;da birinci penalt\u0131y\u0131 Paul Onuachu gole \u00e7evirdi. Fakat Samuel Chukwueze kulland\u0131\u011f\u0131 at\u0131\u015f\u0131 ka\u00e7\u0131rd\u0131. Fas&#8217;ta ise son penalt\u0131da topun ba\u015f\u0131na ge\u00e7en Youssef En-Nesyri, vuru\u015funu gole \u00e7evirerek kadrosunu finale ta\u015f\u0131d\u0131.<\/p>\n<p> Osimhen&#8217;in oyundan al\u0131nmas\u0131 ve yerine giren Chukwueze&#8217;nin penalt\u0131y\u0131 ka\u00e7\u0131rmas\u0131 sonras\u0131 tenkitlerin oda\u011f\u0131 Teknik Y\u00f6netici Eric Chelle oldu.<\/p>\n<\/div>\n","protected":false},"excerpt":{"rendered":"<p>Afrika Uluslar Kupas\u0131&#8217;na penalt\u0131larla veda eden Nijerya&#8217;da verilen Osimhen karar\u0131 \u00fclkeyi aya\u011fa kald\u0131rd\u0131. Penalt\u0131 at\u0131\u015flar\u0131 \u00f6ncesi 117. dakikada oyundan al\u0131nan Osimhen b\u00fcy\u00fck bir \u015fok ya\u015farken, Osimhen&#8217;in yerine giren Chukwueze&#8217;nin penalt\u0131y\u0131 ka\u00e7\u0131rmas\u0131 olay oldu.<\/p>\n","protected":false},"author":1,"featured_media":49696,"comment_status":"open","ping_status":"open","sticky":false,"template":"","format":"standard","meta":{"footnotes":""},"categories":[25],"tags":[2721,974,303,3758],"class_list":["post-49695","post","type-post","status-publish","format-standard","has-post-thumbnail","hentry","category-futbol","tag-nijerya","tag-osimhen","tag-penalti","tag-penaltilar"],"_links":{"self":[{"href":"https:\/\/haberbesiktas.tr\/index.php?rest_route=\/wp\/v2\/posts\/49695","targetHints":{"allow":["GET"]}}],"collection":[{"href":"https:\/\/haberbesiktas.tr\/index.php?rest_route=\/wp\/v2\/posts"}],"about":[{"href":"https:\/\/haberbesiktas.tr\/index.php?rest_route=\/wp\/v2\/types\/post"}],"author":[{"embeddable":true,"href":"https:\/\/haberbesiktas.tr\/index.php?rest_route=\/wp\/v2\/users\/1"}],"replies":[{"embeddable":true,"href":"https:\/\/haberbesiktas.tr\/index.php?rest_route=%2Fwp%2Fv2%2Fcomments&post=49695"}],"version-history":[{"count":1,"href":"https:\/\/haberbesiktas.tr\/index.php?rest_route=\/wp\/v2\/posts\/49695\/revisions"}],"predecessor-version":[{"id":49697,"href":"https:\/\/haberbesiktas.tr\/index.php?rest_route=\/wp\/v2\/posts\/49695\/revisions\/49697"}],"wp:featuredmedia":[{"embeddable":true,"href":"https:\/\/haberbesiktas.tr\/index.php?rest_route=\/wp\/v2\/media\/49696"}],"wp:attachment":[{"href":"https:\/\/haberbesiktas.tr\/index.php?rest_route=%2Fwp%2Fv2%2Fmedia&parent=49695"}],"wp:term":[{"taxonomy":"category","embeddable":true,"href":"https:\/\/haberbesiktas.tr\/index.php?rest_route=%2Fwp%2Fv2%2Fcategories&post=49695"},{"taxonomy":"post_tag","embeddable":true,"href":"https:\/\/haberbesiktas.tr\/index.php?rest_route=%2Fwp%2Fv2%2Ftags&post=49695"}],"curies":[{"name":"wp","href":"https:\/\/api.w.org\/{rel}","templated":true}]}}