{"id":49720,"date":"2026-01-15T22:48:04","date_gmt":"2026-01-15T22:48:04","guid":{"rendered":"https:\/\/haberbesiktas.tr\/?p=49720"},"modified":"2026-01-15T22:48:04","modified_gmt":"2026-01-15T22:48:04","slug":"mavericks-ad-icin-raptors-ve-hawks-ile-yeniden-gorusuyor","status":"publish","type":"post","link":"https:\/\/haberbesiktas.tr\/?p=49720","title":{"rendered":"Mavericks, AD i\u00e7in Raptors ve Hawks ile yeniden g\u00f6r\u00fc\u015f\u00fcyor"},"content":{"rendered":"<div>Toronto Raptors ve Atlanta Hawks, Anthony Davis ihtimalinden b\u00fcsb\u00fct\u00fcn vazge\u00e7mi\u015f de\u011fil.<\/p>\n<p> ESPN&#8217;den Shams Charania&#8217;n\u0131n \u00c7ar\u015famba g\u00fcn\u00fc aktard\u0131\u011f\u0131na nazaran, Dallas Mavericks son periyotta Davis&#8217;le ilgilenen bir\u00e7ok grupla takas g\u00f6r\u00fc\u015fmelerini yine ba\u015flatt\u0131. Bu gruplar ortas\u0131nda Raptors ve Hawks da bulunuyor.<\/p>\n<p> Mavericks idaresi, elinden \u00e7\u0131karmay\u0131 d\u00fc\u015f\u00fcnmesi halinde Davis&#8217;i \u015fu an d\u00fc\u015f\u00fck k\u0131ymetten mi takas edece\u011fi yoksa be\u015f sefer All-NBA se\u00e7ilen y\u0131ld\u0131z\u0131n b\u00fcsb\u00fct\u00fcn s\u0131hhatine kavu\u015fmas\u0131n\u0131 bekleyip Kyrie Irving ve Cooper Flagg ile birlikte alandaki performans\u0131n\u0131 m\u0131 g\u00f6rmek istedi\u011fi konusunda ikilem ya\u015f\u0131yor. <\/p>\n<p> Kelam konusu \u00fc\u00e7l\u00fc \u015fimdi birlikte forma giymedi. Irving, Mart ay\u0131nda ya\u015fad\u0131\u011f\u0131 \u00f6n \u00e7apraz ba\u011f (ACL) sakatl\u0131\u011f\u0131ndan sonra d\u00fczg\u00fcnle\u015fme s\u00fcrecini s\u00fcrd\u00fcr\u00fcyor. Davis ve Flagg&#8217;in birlikte oynad\u0131\u011f\u0131 ma\u00e7larda Dallas 10 galibiyet \u2013 10 yenilgilik bir derece yakalarken, grubun genel performans\u0131 15-25 ile bunun epey gerisinde kald\u0131.<\/p>\n<p> Davis&#8217;in 5 \u015eubat&#8217;taki takas son tarihine kadar forma giymesi beklenmiyor. Lakin Sal\u0131 g\u00fcn\u00fc bir uzmandan al\u0131nan ikinci g\u00f6r\u00fc\u015f, 32 ya\u015f\u0131ndaki oyuncunun ameliyat olmas\u0131na gerek olmad\u0131\u011f\u0131n\u0131 do\u011frulad\u0131.<\/p>\n<p> On sefer All-Star se\u00e7ilen ve be\u015f kere All-Defensive Team&#8217;e giren Davis i\u00e7in takas yapmak, sakatl\u0131k ge\u00e7mi\u015fi nedeniyle risk bar\u0131nd\u0131rsa da, sa\u011fl\u0131kl\u0131 bir Davis&#8217;in rastgele bir ekibin savunma d\u00fczeyini \u00f6nemli halde \u00fcst \u00e7ekece\u011fi bedellendiriliyor.<\/p>\n<p> Bilhassa Toronto Raptors, pivot Jakob Poeltl&#8217;in devam eden s\u0131rt sakatl\u0131\u011f\u0131 nedeniyle klasik bir uzun oyuncudan mahrum durumda. Atlanta Hawks ise Trae Young&#8217;\u0131 Washington Wizards&#8217;a g\u00f6ndermesinin akabinde kadro savunmas\u0131na daha fazla odaklanm\u0131\u015f bir yap\u0131 kurma sinyalleri veriyor.<\/p>\n<p> Spotrac datalar\u0131na nazaran Davis&#8217;in 54,1 milyon dolarl\u0131k maa\u015f\u0131 bu d\u00f6nem ligin en y\u00fcksek be\u015finci maa\u015f\u0131 pozisyonunda. Y\u0131ld\u0131z uzun, 2026-27 d\u00f6neminde 58,5 milyon dolar kazanacak ve akabinde 2027-28 d\u00f6nemi i\u00e7in 62,8 milyon dolarl\u0131k oyuncu opsiyonu hakk\u0131nda karar vermek zorunda kalacak.<\/p>\n<p> NBA d\u00f6nemini ge\u00e7iren Davis, bu d\u00f6nem 20,4 say\u0131, 11,1 ribaund, 2,8 asist ve 1,7 blok ortalamalar\u0131 yakalad\u0131. Lakin \u00c7ar\u015famba g\u00fcn\u00fc prestijiyle oynanmas\u0131 m\u00fcmk\u00fcn olan 40 ma\u00e7\u0131n s\u0131rf 20&#8217;sinde forma giyebildi.<\/p>\n<\/div>\n","protected":false},"excerpt":{"rendered":"<p>Toronto Raptors ve Atlanta Hawks, Anthony Davis ihtimalinden b\u00fcsb\u00fct\u00fcn vazge\u00e7mi\u015f de\u011fil.<\/p>\n","protected":false},"author":1,"featured_media":49721,"comment_status":"open","ping_status":"open","sticky":false,"template":"","format":"standard","meta":{"footnotes":""},"categories":[10],"tags":[1548,57,52],"class_list":["post-49720","post","type-post","status-publish","format-standard","has-post-thumbnail","hentry","category-basketbol","tag-davis","tag-sezon","tag-takim"],"_links":{"self":[{"href":"https:\/\/haberbesiktas.tr\/index.php?rest_route=\/wp\/v2\/posts\/49720","targetHints":{"allow":["GET"]}}],"collection":[{"href":"https:\/\/haberbesiktas.tr\/index.php?rest_route=\/wp\/v2\/posts"}],"about":[{"href":"https:\/\/haberbesiktas.tr\/index.php?rest_route=\/wp\/v2\/types\/post"}],"author":[{"embeddable":true,"href":"https:\/\/haberbesiktas.tr\/index.php?rest_route=\/wp\/v2\/users\/1"}],"replies":[{"embeddable":true,"href":"https:\/\/haberbesiktas.tr\/index.php?rest_route=%2Fwp%2Fv2%2Fcomments&post=49720"}],"version-history":[{"count":1,"href":"https:\/\/haberbesiktas.tr\/index.php?rest_route=\/wp\/v2\/posts\/49720\/revisions"}],"predecessor-version":[{"id":49722,"href":"https:\/\/haberbesiktas.tr\/index.php?rest_route=\/wp\/v2\/posts\/49720\/revisions\/49722"}],"wp:featuredmedia":[{"embeddable":true,"href":"https:\/\/haberbesiktas.tr\/index.php?rest_route=\/wp\/v2\/media\/49721"}],"wp:attachment":[{"href":"https:\/\/haberbesiktas.tr\/index.php?rest_route=%2Fwp%2Fv2%2Fmedia&parent=49720"}],"wp:term":[{"taxonomy":"category","embeddable":true,"href":"https:\/\/haberbesiktas.tr\/index.php?rest_route=%2Fwp%2Fv2%2Fcategories&post=49720"},{"taxonomy":"post_tag","embeddable":true,"href":"https:\/\/haberbesiktas.tr\/index.php?rest_route=%2Fwp%2Fv2%2Ftags&post=49720"}],"curies":[{"name":"wp","href":"https:\/\/api.w.org\/{rel}","templated":true}]}}