{"id":49726,"date":"2026-01-15T23:12:05","date_gmt":"2026-01-15T23:12:05","guid":{"rendered":"https:\/\/haberbesiktas.tr\/?p=49726"},"modified":"2026-01-15T23:12:05","modified_gmt":"2026-01-15T23:12:05","slug":"zach-edey-ayak-sakatligi-nedeniyle-6-hafta-daha-yok","status":"publish","type":"post","link":"https:\/\/haberbesiktas.tr\/?p=49726","title":{"rendered":"Zach Edey, ayak sakatl\u0131\u011f\u0131 nedeniyle 6 hafta daha yok"},"content":{"rendered":"<div>Memphis Grizzlies, pivot Zach Edey&#8217;in sol ayak bile\u011findeki gerilim tepkisi nedeniyle yakla\u015f\u0131k alt\u0131 hafta daha alanlardan uzak kalaca\u011f\u0131n\u0131 a\u00e7\u0131klad\u0131.<\/p>\n<p> 7 Aral\u0131k&#8217;tan bu yana forma giyemeyen Edey&#8217;in sakatl\u0131\u011f\u0131n\u0131n beklenenden daha uzun s\u00fcrece\u011fi belirtilirken, Brandon Clarke ve Scotty Pippen Jr.&#8217;\u0131n ise d\u00f6rt ila alt\u0131 hafta i\u00e7inde parkelere d\u00f6nmesinin beklendi\u011fi tabir edildi.<\/p>\n<p> Kul\u00fcpten yap\u0131lan a\u00e7\u0131klamada,<br \/><strong>&#8220;Dan\u0131\u015f\u0131lan uzmanlar\u0131n oy birli\u011fiyle ald\u0131\u011f\u0131 tavsiye do\u011frultusunda Edey, y\u00fck azaltma ve rehabilitasyon program\u0131na devam edecek. Yakla\u015f\u0131k alt\u0131 hafta sonra tekrar k\u0131ymetlendirme yap\u0131lacak,<\/strong>&#8221; denildi. <\/p>\n<p> Grizzlies, Per\u015fembe g\u00fcn\u00fc iki ma\u00e7l\u0131k Avrupa tipi kapsam\u0131nda Berlin&#8217;de Orlando Magic ile kar\u015f\u0131la\u015facak.<\/p>\n<p> 2.21 metre uzunlu\u011fundaki Edey, Purdue \u00dcniversitesi formas\u0131yla iki sefer AP Y\u0131l\u0131n Ulusal Oyuncusu se\u00e7ilmi\u015fti. \u00c7aylak d\u00f6neminin ba\u015f\u0131nda sol ayak bile\u011fi burkulmas\u0131 nedeniyle 12 ma\u00e7 ka\u00e7\u0131ran Edey, daha sonra 66 ma\u00e7ta forma giymi\u015fti.<\/p>\n<p> Ge\u00e7ti\u011fimiz d\u00f6nem All-Rookie birinci grubuna se\u00e7ilen Edey, Haziran ay\u0131nda sol ayak bile\u011finden ameliyat olmu\u015ftu. Bu d\u00f6nemin birinci 13 ma\u00e7\u0131n\u0131 ka\u00e7\u0131ran gen\u00e7 pivot, 15 Kas\u0131m&#8217;da d\u00f6nemin birinci ma\u00e7\u0131na \u00e7\u0131kt\u0131 ve 13,6 say\u0131 ile 11,1 ribaund ortalamalar\u0131 yakalad\u0131.<\/p>\n<p> Lakin Grizzlies, 11 Aral\u0131k&#8217;ta Edey&#8217;in birebir ayak bile\u011finde gerilim tepkisi tespit edildi\u011fini ve tam g\u00fczelle\u015fmenin vakit alaca\u011f\u0131n\u0131 duyurmu\u015ftu.<\/p>\n<p> \u00d6te yandan Brandon Clarke, 20 Aral\u0131k&#8217;ta Washington m\u00fcsabakas\u0131nda sa\u011f bald\u0131r\u0131ndan sakatlan\u0131rken, Scotty Pippen Jr. ise 21 Ekim&#8217;de ayak parma\u011f\u0131ndan bir operasyon ge\u00e7irmi\u015fti.<\/p>\n<\/div>\n","protected":false},"excerpt":{"rendered":"<p>Memphis Grizzlies, pivot Zach Edey&#8217;in sol ayak bile\u011findeki gerilim tepkisi nedeniyle yakla\u015f\u0131k alt\u0131 hafta daha alanlardan uzak kalaca\u011f\u0131n\u0131 a\u00e7\u0131klad\u0131.<\/p>\n","protected":false},"author":1,"featured_media":49727,"comment_status":"open","ping_status":"open","sticky":false,"template":"","format":"standard","meta":{"footnotes":""},"categories":[10],"tags":[970,50],"class_list":["post-49726","post","type-post","status-publish","format-standard","has-post-thumbnail","hentry","category-basketbol","tag-ayak","tag-mac"],"_links":{"self":[{"href":"https:\/\/haberbesiktas.tr\/index.php?rest_route=\/wp\/v2\/posts\/49726","targetHints":{"allow":["GET"]}}],"collection":[{"href":"https:\/\/haberbesiktas.tr\/index.php?rest_route=\/wp\/v2\/posts"}],"about":[{"href":"https:\/\/haberbesiktas.tr\/index.php?rest_route=\/wp\/v2\/types\/post"}],"author":[{"embeddable":true,"href":"https:\/\/haberbesiktas.tr\/index.php?rest_route=\/wp\/v2\/users\/1"}],"replies":[{"embeddable":true,"href":"https:\/\/haberbesiktas.tr\/index.php?rest_route=%2Fwp%2Fv2%2Fcomments&post=49726"}],"version-history":[{"count":1,"href":"https:\/\/haberbesiktas.tr\/index.php?rest_route=\/wp\/v2\/posts\/49726\/revisions"}],"predecessor-version":[{"id":49728,"href":"https:\/\/haberbesiktas.tr\/index.php?rest_route=\/wp\/v2\/posts\/49726\/revisions\/49728"}],"wp:featuredmedia":[{"embeddable":true,"href":"https:\/\/haberbesiktas.tr\/index.php?rest_route=\/wp\/v2\/media\/49727"}],"wp:attachment":[{"href":"https:\/\/haberbesiktas.tr\/index.php?rest_route=%2Fwp%2Fv2%2Fmedia&parent=49726"}],"wp:term":[{"taxonomy":"category","embeddable":true,"href":"https:\/\/haberbesiktas.tr\/index.php?rest_route=%2Fwp%2Fv2%2Fcategories&post=49726"},{"taxonomy":"post_tag","embeddable":true,"href":"https:\/\/haberbesiktas.tr\/index.php?rest_route=%2Fwp%2Fv2%2Ftags&post=49726"}],"curies":[{"name":"wp","href":"https:\/\/api.w.org\/{rel}","templated":true}]}}