{"id":49818,"date":"2026-01-16T05:24:04","date_gmt":"2026-01-16T05:24:04","guid":{"rendered":"https:\/\/haberbesiktas.tr\/?p=49818"},"modified":"2026-01-16T05:24:04","modified_gmt":"2026-01-16T05:24:04","slug":"galatasaray-mandela-keitayi-listeye-ekledi","status":"publish","type":"post","link":"https:\/\/haberbesiktas.tr\/?p=49818","title":{"rendered":"Galatasaray, Mandela Keita&#8217;y\u0131 listeye ekledi"},"content":{"rendered":"<div>\u0130talya&#8217;da transfer pazar\u0131na \u00e7\u0131kan Galatasaray, orta saha i\u00e7in listesine yeni bir ismi ekledi.<\/p>\n<p><strong>GALATASARAY L\u0130STEYE EKLED\u0130<\/strong><\/p>\n<p> Sacha Tavolieri&#8217;nin haberine nazaran, Galatasaray, Parma&#8217;dan Mandela Keita ile ilgileniyor.<\/p>\n<p> Galatasaray&#8217;\u0131n, 23 ya\u015f\u0131ndaki orta saha oyuncusunu transfer listesine dahil etti\u011fi yaz\u0131ld\u0131.<\/p>\n<p><strong>\u0130NG\u0130L\u0130Z GRUPLARI DE PE\u015e\u0130NDE<\/strong> <\/p>\n<p> Brighton, Carlos Baleba&#8217;n\u0131n sat\u0131lma ihtimaline kar\u015f\u0131l\u0131k Parma&#8217;dan Keita&#8217;y\u0131 listesinde tutuyor. Keita ile Brighton d\u0131\u015f\u0131nda Premier Lig&#8217;den \u00f6b\u00fcr ekiplerin da ilgilendi\u011fi aktar\u0131ld\u0131.<\/p>\n<p> Mandela Keita, bu d\u00f6nem Parma formas\u0131 alt\u0131nda 22 ma\u00e7ta m\u00fcddet buldu.<\/p>\n<p><strong>P\u0130YASA KIYMET\u0130, S\u00d6ZLE\u015eMES\u0130<\/strong><\/p>\n<p> Yeni piyasa k\u0131ymeti 12 milyon euro olarak g\u00f6sterilen 23 ya\u015f\u0131ndaki futbolcunun, kul\u00fcb\u00fc Parma ile mukavelesi 2029 y\u0131l\u0131na kadar devam ediyor.<\/p>\n<\/div>\n","protected":false},"excerpt":{"rendered":"<p>Galatasaray, Parma&#8217;dan 23 ya\u015f\u0131ndaki orta saha oyuncusu Mandela Keita&#8217;y\u0131 transfer listesine ekledi.<\/p>\n","protected":false},"author":1,"featured_media":49819,"comment_status":"open","ping_status":"open","sticky":false,"template":"","format":"standard","meta":{"footnotes":""},"categories":[25],"tags":[],"class_list":["post-49818","post","type-post","status-publish","format-standard","has-post-thumbnail","hentry","category-futbol"],"_links":{"self":[{"href":"https:\/\/haberbesiktas.tr\/index.php?rest_route=\/wp\/v2\/posts\/49818","targetHints":{"allow":["GET"]}}],"collection":[{"href":"https:\/\/haberbesiktas.tr\/index.php?rest_route=\/wp\/v2\/posts"}],"about":[{"href":"https:\/\/haberbesiktas.tr\/index.php?rest_route=\/wp\/v2\/types\/post"}],"author":[{"embeddable":true,"href":"https:\/\/haberbesiktas.tr\/index.php?rest_route=\/wp\/v2\/users\/1"}],"replies":[{"embeddable":true,"href":"https:\/\/haberbesiktas.tr\/index.php?rest_route=%2Fwp%2Fv2%2Fcomments&post=49818"}],"version-history":[{"count":1,"href":"https:\/\/haberbesiktas.tr\/index.php?rest_route=\/wp\/v2\/posts\/49818\/revisions"}],"predecessor-version":[{"id":49820,"href":"https:\/\/haberbesiktas.tr\/index.php?rest_route=\/wp\/v2\/posts\/49818\/revisions\/49820"}],"wp:featuredmedia":[{"embeddable":true,"href":"https:\/\/haberbesiktas.tr\/index.php?rest_route=\/wp\/v2\/media\/49819"}],"wp:attachment":[{"href":"https:\/\/haberbesiktas.tr\/index.php?rest_route=%2Fwp%2Fv2%2Fmedia&parent=49818"}],"wp:term":[{"taxonomy":"category","embeddable":true,"href":"https:\/\/haberbesiktas.tr\/index.php?rest_route=%2Fwp%2Fv2%2Fcategories&post=49818"},{"taxonomy":"post_tag","embeddable":true,"href":"https:\/\/haberbesiktas.tr\/index.php?rest_route=%2Fwp%2Fv2%2Ftags&post=49818"}],"curies":[{"name":"wp","href":"https:\/\/api.w.org\/{rel}","templated":true}]}}