{"id":49821,"date":"2026-01-16T05:36:04","date_gmt":"2026-01-16T05:36:04","guid":{"rendered":"https:\/\/haberbesiktas.tr\/?p=49821"},"modified":"2026-01-16T05:36:04","modified_gmt":"2026-01-16T05:36:04","slug":"galatasaraydan-fenerbahce-tepkisi","status":"publish","type":"post","link":"https:\/\/haberbesiktas.tr\/?p=49821","title":{"rendered":"Galatasaray&#8217;dan Fenerbah\u00e7e tepkisi!"},"content":{"rendered":"<div>Galatasaray, resmi internet sitesinden bir a\u00e7\u0131klama yapt\u0131.<\/p>\n<p> <strong>Galatasaray&#8217;\u0131n a\u00e7\u0131klamas\u0131 \u015fu formda:<\/strong><\/p>\n<p> &#8220;19.05.2024 tarihli Galatasaray-Fenerbah\u00e7e kar\u015f\u0131la\u015fmas\u0131n\u0131n akabinde Ali Sami Yen Spor Kompleksi RAMS Park&#8217;ta ger\u00e7ekle\u015fen olaylara ait olarak Stat \u0130\u015fletme Y\u00f6neticimiz Ali \u00c7elikk\u0131ran&#8217;a kar\u015f\u0131 Mert Hakan Yanda\u015f, Jayden Quinn Oosterwolde, Hulusi Belg\u00fc, Emre Kartal ve Ertu\u011frul Karanl\u0131k isimli \u015fah\u0131slar\u0131n kemik k\u0131r\u0131\u011f\u0131na sebebiyet verecek bi\u00e7imde yaralama kabahatini i\u015fledikleri \u0130stanbul 3. Asliye Ceza Mahkemesi 2024\/1067 \u0395. 15.01.2026 tarihli karar\u0131 ile sabit hale gelmi\u015ftir. <\/p>\n<p> Fenerbah\u00e7e Spor Kul\u00fcb\u00fc&#8217;n\u00fcn, y\u00f6netici, oyuncu ve \u00e7al\u0131\u015fanlar\u0131n\u0131n ceza ald\u0131\u011f\u0131 bu davan\u0131n \u00e7abucak akabinde toplumsal medya hesab\u0131ndan ba\u015flatt\u0131\u011f\u0131 yeni alg\u0131 oyununu \u015fa\u015fk\u0131nl\u0131kla izliyoruz.<\/p>\n<p> Bir e\u015fk\u0131ya s\u00fcr\u00fcs\u00fc \u00fczere konuk olduklar\u0131 yerde konut sahiplerine sald\u0131ran \u015fah\u0131slar\u0131n ald\u0131klar\u0131 cezay\u0131 g\u00f6lgelemeye \u00e7al\u0131\u015fmak i\u00e7in duru\u015fma esnas\u0131nda y\u00f6netim kurulu \u00fcyemizin sehven \u00e7ekti\u011fi foto\u011fraf mevzu edilmektedir.<\/p>\n<p> Gaye, duru\u015fmaya kat\u0131lan hi\u00e7bir san\u0131k, vekil, mahkeme heyeti yahut izleyicinin imaj\u0131n\u0131n yer almad\u0131\u011f\u0131 bir foto\u011fraf \u00fczerinden g\u00fcndemi me\u015fgul ederek san\u0131klar\u0131n vahim aksiyonlar\u0131n\u0131n ve ald\u0131klar\u0131 cezalar\u0131n g\u00f6lgelenmeye \u00e7al\u0131\u015f\u0131lmas\u0131d\u0131r. Y\u00f6netim kurulu \u00fcyemizi zan alt\u0131nda b\u0131rakmaya \u00e7al\u0131\u015fanlar bu emeline ula\u015famayacaklard\u0131r.<\/p>\n<p> T\u00fcrk futbolunu vahim noktaya getirenler bug\u00fcn ba\u011f\u0131ms\u0131z T\u00fcrk yarg\u0131s\u0131 taraf\u0131ndan hak ettikleri halde cezaland\u0131r\u0131lm\u0131\u015ft\u0131r. Temel mevzu bundan ibarettir.&#8221;<\/p>\n<\/div>\n","protected":false},"excerpt":{"rendered":"<p>Galatasaray, resmi internet sitesinden bir a\u00e7\u0131klama yapt\u0131 ve Fenerbah\u00e7e&#8217;ye reaksiyon g\u00f6sterdi.<\/p>\n","protected":false},"author":1,"featured_media":49822,"comment_status":"open","ping_status":"open","sticky":false,"template":"","format":"standard","meta":{"footnotes":""},"categories":[25],"tags":[505],"class_list":["post-49821","post","type-post","status-publish","format-standard","has-post-thumbnail","hentry","category-futbol","tag-ceza"],"_links":{"self":[{"href":"https:\/\/haberbesiktas.tr\/index.php?rest_route=\/wp\/v2\/posts\/49821","targetHints":{"allow":["GET"]}}],"collection":[{"href":"https:\/\/haberbesiktas.tr\/index.php?rest_route=\/wp\/v2\/posts"}],"about":[{"href":"https:\/\/haberbesiktas.tr\/index.php?rest_route=\/wp\/v2\/types\/post"}],"author":[{"embeddable":true,"href":"https:\/\/haberbesiktas.tr\/index.php?rest_route=\/wp\/v2\/users\/1"}],"replies":[{"embeddable":true,"href":"https:\/\/haberbesiktas.tr\/index.php?rest_route=%2Fwp%2Fv2%2Fcomments&post=49821"}],"version-history":[{"count":1,"href":"https:\/\/haberbesiktas.tr\/index.php?rest_route=\/wp\/v2\/posts\/49821\/revisions"}],"predecessor-version":[{"id":49823,"href":"https:\/\/haberbesiktas.tr\/index.php?rest_route=\/wp\/v2\/posts\/49821\/revisions\/49823"}],"wp:featuredmedia":[{"embeddable":true,"href":"https:\/\/haberbesiktas.tr\/index.php?rest_route=\/wp\/v2\/media\/49822"}],"wp:attachment":[{"href":"https:\/\/haberbesiktas.tr\/index.php?rest_route=%2Fwp%2Fv2%2Fmedia&parent=49821"}],"wp:term":[{"taxonomy":"category","embeddable":true,"href":"https:\/\/haberbesiktas.tr\/index.php?rest_route=%2Fwp%2Fv2%2Fcategories&post=49821"},{"taxonomy":"post_tag","embeddable":true,"href":"https:\/\/haberbesiktas.tr\/index.php?rest_route=%2Fwp%2Fv2%2Ftags&post=49821"}],"curies":[{"name":"wp","href":"https:\/\/api.w.org\/{rel}","templated":true}]}}