{"id":4983,"date":"2025-01-20T13:59:57","date_gmt":"2025-01-20T13:59:57","guid":{"rendered":"https:\/\/haberbesiktas.tr\/?p=4983"},"modified":"2025-01-20T13:59:57","modified_gmt":"2025-01-20T13:59:57","slug":"mourinho-bazi-maclarin-kaderi-onceden-belirleniyor","status":"publish","type":"post","link":"https:\/\/haberbesiktas.tr\/?p=4983","title":{"rendered":"Mourinho: &#8220;Baz\u0131 ma\u00e7lar\u0131n kaderi \u00f6nceden belirleniyor!&#8221;"},"content":{"rendered":"<div>Fenerbah\u00e7e Teknik Y\u00f6neticisi Jose Mourinho, Konyaspor m\u00fcsabakas\u0131n\u0131n akabinde konu\u015ftu.<\/p>\n<p> <strong>&#8220;BAZI MA\u00c7LARIN \u00d6YK\u00dcS\u00dc EVVELCE YAZILIYOR&#8221;<\/strong><\/p>\n<p> &#8220;Ma\u00e7 dedi\u011fin bu t\u00fcrl\u00fc olur.&#8221; diyen Jose Mourinho, <strong>&#8220;Hen\u00fcz kadro istedi\u011fim d\u00fczeyde de\u011fil. Bug\u00fcn d\u00fczg\u00fcn bir ma\u00e7 oldu. Konya&#8217;n\u0131n oynama halini seviyorum. Sonu\u00e7tan \u00f6t\u00fcr\u00fc keyifli yahut \u00fczg\u00fcn olanlar var ancak uygun bir ma\u00e7 oldu. \u00dcz\u00fcc\u00fc ki T\u00fcrkiye&#8217;de her ma\u00e7 bu t\u00fcrl\u00fc de\u011fil, birtak\u0131m ma\u00e7lar\u0131n baht\u0131 evvelden belirlenmi\u015f oluyor.&#8221;<\/strong> dedi.<\/p>\n<p> <strong>&#8220;SAVA\u015eMAYA DEVAM EDECE\u011e\u0130Z&#8221;<\/strong><\/p>\n<p> Portekizli teknik adam, ayr\u0131yeten, <strong>&#8220;Tak\u0131m m\u00fckemmellikten uzak fakat b\u00fct\u00fcn ma\u00e7lar bug\u00fcn oynand\u0131\u011f\u0131 \u00fczere olsayd\u0131 daha farkl\u0131 durumda olurduk. Dedi\u011fim \u00fczere birtak\u0131m ma\u00e7lar\u0131n \u00f6yk\u00fcs\u00fc evvelce yaz\u0131l\u0131yor burada. Biz sava\u015fmaya devam edece\u011fiz.<\/strong>&#8221; kelamlar\u0131n\u0131 sarf etti.<\/p>\n<\/div>\n","protected":false},"excerpt":{"rendered":"<p>Fenerbah\u00e7e Teknik Y\u00f6neticisi Jose Mourinho, Konyaspor ma\u00e7\u0131 sonras\u0131 konu\u015ftu.<\/p>\n","protected":false},"author":1,"featured_media":4984,"comment_status":"open","ping_status":"open","sticky":false,"template":"","format":"standard","meta":{"footnotes":""},"categories":[25],"tags":[50],"class_list":["post-4983","post","type-post","status-publish","format-standard","has-post-thumbnail","hentry","category-futbol","tag-mac"],"_links":{"self":[{"href":"https:\/\/haberbesiktas.tr\/index.php?rest_route=\/wp\/v2\/posts\/4983","targetHints":{"allow":["GET"]}}],"collection":[{"href":"https:\/\/haberbesiktas.tr\/index.php?rest_route=\/wp\/v2\/posts"}],"about":[{"href":"https:\/\/haberbesiktas.tr\/index.php?rest_route=\/wp\/v2\/types\/post"}],"author":[{"embeddable":true,"href":"https:\/\/haberbesiktas.tr\/index.php?rest_route=\/wp\/v2\/users\/1"}],"replies":[{"embeddable":true,"href":"https:\/\/haberbesiktas.tr\/index.php?rest_route=%2Fwp%2Fv2%2Fcomments&post=4983"}],"version-history":[{"count":1,"href":"https:\/\/haberbesiktas.tr\/index.php?rest_route=\/wp\/v2\/posts\/4983\/revisions"}],"predecessor-version":[{"id":4985,"href":"https:\/\/haberbesiktas.tr\/index.php?rest_route=\/wp\/v2\/posts\/4983\/revisions\/4985"}],"wp:featuredmedia":[{"embeddable":true,"href":"https:\/\/haberbesiktas.tr\/index.php?rest_route=\/wp\/v2\/media\/4984"}],"wp:attachment":[{"href":"https:\/\/haberbesiktas.tr\/index.php?rest_route=%2Fwp%2Fv2%2Fmedia&parent=4983"}],"wp:term":[{"taxonomy":"category","embeddable":true,"href":"https:\/\/haberbesiktas.tr\/index.php?rest_route=%2Fwp%2Fv2%2Fcategories&post=4983"},{"taxonomy":"post_tag","embeddable":true,"href":"https:\/\/haberbesiktas.tr\/index.php?rest_route=%2Fwp%2Fv2%2Ftags&post=4983"}],"curies":[{"name":"wp","href":"https:\/\/api.w.org\/{rel}","templated":true}]}}