{"id":49830,"date":"2026-01-16T06:12:05","date_gmt":"2026-01-16T06:12:05","guid":{"rendered":"https:\/\/haberbesiktas.tr\/?p=49830"},"modified":"2026-01-16T06:12:05","modified_gmt":"2026-01-16T06:12:05","slug":"sekip-mosturoglu-2011de-3-temmuzda-tecrube-edindik","status":"publish","type":"post","link":"https:\/\/haberbesiktas.tr\/?p=49830","title":{"rendered":"\u015eekip Mosturo\u011flu: &#8220;2011&#8217;de, 3 Temmuz&#8217;da tecr\u00fcbe edindik&#8221;"},"content":{"rendered":"<div>Fenerbah\u00e7e Y\u00fcksek Divan Kurulu Lideri \u015eekip Mosturo\u011flu, kat\u0131ld\u0131\u011f\u0131 bir aktiflikte a\u00e7\u0131klamalarda bulundu.<\/p>\n<p> Mosturo\u011flu, kul\u00fcb\u00fcn d\u00f6nem sonunda ger\u00e7ekle\u015ftirece\u011fi harikul\u00e2de genel \u015fura ile ilgili de konu\u015ftu.<\/p>\n<p> \u015eekip Mosturo\u011flu, <strong>&#8220;Biz bu tecr\u00fcbeyi 2011&#8217;de, 3 Temmuz&#8217;da edindik. Ge\u00e7mi\u015fte de ya\u015fad\u0131\u011f\u0131m\u0131z g\u00fc\u00e7 g\u00fcnler var. Bu g\u00fc\u00e7 g\u00fcnlerden \u00e7\u0131k\u0131\u015f\u0131n tek bir re\u00e7etesi var, birlik ve beraberlik\u2026&#8221;<\/strong> dedi. <\/p>\n<p> <strong>\u015eekip Mosturo\u011flu&#8217;nun a\u00e7\u0131klamalar\u0131 \u015fu bi\u00e7imde:<\/strong><\/p>\n<p> &#8220;Bir genel \u015furalar devri ge\u00e7irdik. Maalesef ufukta yeniden bir genel heyet g\u00f6z\u00fck\u00fcyor. Bu s\u00fcre\u00e7ler hi\u00e7bir vakit Fenerbah\u00e7e&#8217;nin kendi i\u00e7 dinamikleri ile y\u00fcr\u00fcm\u00fcyor, d\u0131\u015far\u0131dan geli\u015fen olaylar sebebiyle oluyor. Ve sportif tarafta \u00e7ok ba\u015far\u0131l\u0131 oldu\u011fumuz devirlere denk geliyor daima nedense bunlar, bu g\u00fczelce sorgulanmal\u0131.. Biz bu tecr\u00fcbeyi 2011&#8217;de, 3 Temmuz&#8217;da edindik. Ge\u00e7mi\u015fte de ya\u015fad\u0131\u011f\u0131m\u0131z s\u0131k\u0131nt\u0131 g\u00fcnler var. Bu s\u0131k\u0131nt\u0131 g\u00fcnlerden \u00e7\u0131k\u0131\u015f\u0131n tek bir re\u00e7etesi var, birlik ve beraberlik\u2026&#8221;<\/p>\n<\/div>\n","protected":false},"excerpt":{"rendered":"<p>Fenerbah\u00e7e Y\u00fcksek Divan Kurulu Lideri \u015eekip Mosturo\u011flu, d\u00f6nem sonunda yap\u0131lacak inan\u0131lmaz genel heyet ile ilgili a\u00e7\u0131klama yapt\u0131.<\/p>\n","protected":false},"author":1,"featured_media":49831,"comment_status":"open","ping_status":"open","sticky":false,"template":"","format":"standard","meta":{"footnotes":""},"categories":[25],"tags":[],"class_list":["post-49830","post","type-post","status-publish","format-standard","has-post-thumbnail","hentry","category-futbol"],"_links":{"self":[{"href":"https:\/\/haberbesiktas.tr\/index.php?rest_route=\/wp\/v2\/posts\/49830","targetHints":{"allow":["GET"]}}],"collection":[{"href":"https:\/\/haberbesiktas.tr\/index.php?rest_route=\/wp\/v2\/posts"}],"about":[{"href":"https:\/\/haberbesiktas.tr\/index.php?rest_route=\/wp\/v2\/types\/post"}],"author":[{"embeddable":true,"href":"https:\/\/haberbesiktas.tr\/index.php?rest_route=\/wp\/v2\/users\/1"}],"replies":[{"embeddable":true,"href":"https:\/\/haberbesiktas.tr\/index.php?rest_route=%2Fwp%2Fv2%2Fcomments&post=49830"}],"version-history":[{"count":1,"href":"https:\/\/haberbesiktas.tr\/index.php?rest_route=\/wp\/v2\/posts\/49830\/revisions"}],"predecessor-version":[{"id":49832,"href":"https:\/\/haberbesiktas.tr\/index.php?rest_route=\/wp\/v2\/posts\/49830\/revisions\/49832"}],"wp:featuredmedia":[{"embeddable":true,"href":"https:\/\/haberbesiktas.tr\/index.php?rest_route=\/wp\/v2\/media\/49831"}],"wp:attachment":[{"href":"https:\/\/haberbesiktas.tr\/index.php?rest_route=%2Fwp%2Fv2%2Fmedia&parent=49830"}],"wp:term":[{"taxonomy":"category","embeddable":true,"href":"https:\/\/haberbesiktas.tr\/index.php?rest_route=%2Fwp%2Fv2%2Fcategories&post=49830"},{"taxonomy":"post_tag","embeddable":true,"href":"https:\/\/haberbesiktas.tr\/index.php?rest_route=%2Fwp%2Fv2%2Ftags&post=49830"}],"curies":[{"name":"wp","href":"https:\/\/api.w.org\/{rel}","templated":true}]}}