{"id":49836,"date":"2026-01-16T06:36:05","date_gmt":"2026-01-16T06:36:05","guid":{"rendered":"https:\/\/haberbesiktas.tr\/?p=49836"},"modified":"2026-01-16T06:36:05","modified_gmt":"2026-01-16T06:36:05","slug":"besiktastan-turkiye-kupasinda-ikide-iki","status":"publish","type":"post","link":"https:\/\/haberbesiktas.tr\/?p=49836","title":{"rendered":"Be\u015fikta\u015f&#8217;tan T\u00fcrkiye Kupas\u0131&#8217;nda ikide iki!"},"content":{"rendered":"<div>Ziraat T\u00fcrkiye Kupas\u0131 C K\u00fcmesi ikinci hafta ma\u00e7\u0131nda Be\u015fikta\u015f, sahas\u0131nda 1. Lig tak\u0131mlar\u0131ndan Ankara Ke\u00e7i\u00f6reng\u00fcc\u00fc&#8217;n\u00fc konuk etti. Be\u015fikta\u015f, T\u00fcpra\u015f Stadyumu&#8217;ndaki ma\u00e7\u0131 3-0&#8217;l\u0131k skorla kazand\u0131.<\/p>\n<p> Be\u015fikta\u015f&#8217;a galibiyeti getiren golleri 15. dakikada Tammy Abraham, 55. dakikada El Bilal Toure ve 87. dakikada Kartal Kayra Y\u0131lmaz att\u0131.<\/p>\n<p> <strong>SKORA B\u0130R\u0130NC\u0130 DEFA KATKI<\/strong> <\/p>\n<p> Siyah-beyazl\u0131larda birinci iki gol\u00fcn asistleri beklerden geldi. Abraham&#8217;\u0131n att\u0131\u011f\u0131 birinci golde asisti sol bek R\u0131dvan Y\u0131lmaz yapt\u0131, Toure&#8217;nin gol\u00fcnde asist ise sa\u011f bek Taylan Bulut&#8217;tan geldi. Be\u015fikta\u015f&#8217;\u0131n yaz transfer periyodunda tak\u0131m\u0131na katt\u0131\u011f\u0131 Taylan Bulut, siyah-beyazl\u0131larda birinci kere skora katk\u0131 verdi.<\/p>\n<p><img decoding=\"async\" src=\"https:\/\/haberbesiktas.tr\/wp-content\/uploads\/2026\/01\/besiktastan-turkiye-kupasinda-ikide-iki-0-Qkzhm3gd.jpg\"\/><\/p>\n<p><strong>YEN\u0130 YILDA B\u0130R\u0130NC\u0130 GAL\u0130B\u0130YET<\/strong><\/p>\n<p>2026 y\u0131l\u0131nda birinci defa alana \u00e7\u0131kan Be\u015fikta\u015f, yeni y\u0131lda oynad\u0131\u011f\u0131 birinci ma\u00e7ta kalesini gole kapatt\u0131 ve alandan galibiyetle ayr\u0131ld\u0131.<\/p>\n<p> Ziraat T\u00fcrkiye Kupas\u0131&#8217;na deplasmandaki Fenerbah\u00e7e galibiyeti ile ba\u015flayan Be\u015fikta\u015f, bu sonucun akabinde kupada ikide iki yapt\u0131 ve 6 puana y\u00fckseldi. Ankara Ke\u00e7i\u00f6reng\u00fcc\u00fc, kupada 3 puanda kald\u0131.<\/p>\n<p> Be\u015fikta\u015f, T\u00fcrkiye Kupas\u0131&#8217;ndaki bir sonraki ma\u00e7 haftas\u0131nda Kocaelispor deplasman\u0131na gidecek. Siyah-beyazl\u0131lar, ligde pazartesi g\u00fcn\u00fc Kayserispor&#8217;u a\u011f\u0131rlayacak.<\/p>\n<p> Ankara Ke\u00e7i\u00f6reng\u00fcc\u00fc, kupadaki bir sonraki ma\u00e7\u0131nda alan\u0131nda Gaziantep FK&#8217;y\u0131 a\u011f\u0131rlayacak.<\/p>\n<p><img decoding=\"async\" src=\"https:\/\/haberbesiktas.tr\/wp-content\/uploads\/2026\/01\/besiktastan-turkiye-kupasinda-ikide-iki-1-wVTjch34.jpg\"\/><\/p>\n<p> <strong>BE\u015e\u0130KTA\u015e&#8217;IN KADROSU<\/strong><\/p>\n<p> Ziraat T\u00fcrkiye Kupas\u0131 C K\u00fcmesi ikinci ma\u00e7\u0131nda Emre G\u00f6kdemir \u0130n\u015faat Ankara Ke\u00e7i\u00f6reng\u00fcc\u00fc&#8217;n\u00fc konuk eden Be\u015fikta\u015f&#8217;ta teknik y\u00f6netici Sergen Yal\u00e7\u0131n, kupada oynanan son m\u00fcsabakaya nazaran 6 de\u011fi\u015fiklik yapt\u0131.<\/p>\n<p> T\u00fcpra\u015f Stad\u0131&#8217;ndaki m\u00fcsabakada siyah-beyazl\u0131 tak\u0131m Ersin Destano\u011flu, Taylan Bulut, Tiago Djalo, Felix Uduokhai, R\u0131dvan Y\u0131lmaz, Demir Ege T\u0131knaz, Kartal Kayra Y\u0131lmaz, Milot Rashica, Vaclav Cerny, El Bilal Toure ve Tammy Abraham birinci 11&#8217;iyle alanda yer ald\u0131.<\/p>\n<p> Be\u015fikta\u015f&#8217;ta yedek kul\u00fcbesinde ise Emre Al\u0131m, Salih U\u00e7an, Orkun K\u00f6k\u00e7\u00fc, Cengiz \u00dcnder, G\u00f6khan Sazda\u011f\u0131, Jota Silva, \u0130htilal \u015eahin, Emirhan Top\u00e7u, Ahmet Sami Bircan ve Ali Pa\u011fda baht bekledi.<\/p>\n<p> Teknik y\u00f6netici Sergen Yal\u00e7\u0131n, kupan\u0131n birinci haftas\u0131nda Fenerbah\u00e7e ile deplasmanda oynanan ve 2-1 kazan\u0131lan derbiye nazaran 6 de\u011fi\u015fikli\u011fe gitti.<\/p>\n<p> Deneyimli teknik adam, savunmada G\u00f6khan Sazda\u011f\u0131 ve Emirhan Top\u00e7u&#8217;yu kul\u00fcbeye \u00e7ekerken yerine Taylan Bulut ve Felix Uduokhai&#8217;ye baht verdi. Ekipten ayr\u0131lan David Jurasek&#8217;in yerine ise R\u0131dvan Y\u0131lmaz forma giydi.<\/p>\n<p> Orta sahan\u0131n merkezinde Salih U\u00e7an ve Orkun K\u00f6k\u00e7\u00fc&#8217;y\u00fc yedek soyunduran Sergen Yal\u00e7\u0131n, Kartal Kayra Y\u0131lmaz ve Demir Ege T\u0131knaz&#8217;\u0131 alana s\u00fcrd\u00fc. 53 ya\u015f\u0131ndaki teknik adam, hamlede ise \u0130htilal \u015eahin&#8217;in yerine Afrika Uluslar Kupas\u0131&#8217;ndan d\u00f6nen El Bilal Toure&#8217;yi birinci 11&#8217;de g\u00f6revlendirdi.<\/p>\n<p><img decoding=\"async\" src=\"https:\/\/haberbesiktas.tr\/wp-content\/uploads\/2026\/01\/besiktastan-turkiye-kupasinda-ikide-iki-2-yxOLB7mv.jpg\"\/><\/p>\n<p> <strong>RASHICA&#8217;YA PLAKET VER\u0130LD\u0130<\/strong><\/p>\n<p> Be\u015fikta\u015f formas\u0131yla 100. ma\u00e7\u0131n\u0131 geride b\u0131rakan Milot Rashica&#8217;ya m\u00fcsabakadan evvel plaket takdim edildi.<\/p>\n<p> Siyah-beyazl\u0131 formay\u0131 Fenerbah\u00e7e derbisinde 100. kere s\u0131rt\u0131na ge\u00e7iren Kosoval\u0131 futbolcu, bu s\u00fcre\u00e7te 12 gol kaydetti.<\/p>\n<p> Rashica, daha evvel de Werder Bremen ve Vitesse formalar\u0131yla 100&#8217;er ma\u00e7a \u00e7\u0131km\u0131\u015ft\u0131.<\/p>\n<p><img decoding=\"async\" src=\"https:\/\/haberbesiktas.tr\/wp-content\/uploads\/2026\/01\/besiktastan-turkiye-kupasinda-ikide-iki-3-Dq4lFB7s.jpg\"\/><\/p>\n<p> <strong>103 G\u00dcN SONRA FORMA G\u0130YD\u0130<\/strong><\/p>\n<p> Be\u015fikta\u015f&#8217;\u0131n Alman stoperi Felix Uduokhai, yakla\u015f\u0131k 3,5 ay sonra forma giydi.<\/p>\n<p> T\u00fcrkiye Kupas\u0131&#8217;nda oynanan Ankara Ke\u00e7i\u00f6reng\u00fcc\u00fc u\u011fra\u015f\u0131na birinci 11&#8217;de ba\u015flayan Uduokhai, 103 g\u00fcn sonra siyah-beyazl\u0131 formaya kavu\u015ftu.<\/p>\n<p> 28 ya\u015f\u0131ndaki savunma oyuncusu, son olarak ligde 4 Ekim tarihinde oynanan Galatasaray derbisinde forma giymi\u015fti.<\/p>\n<p> <strong>TR\u0130B\u00dcNDE BO\u015eLUK<\/strong><\/p>\n<p> Be\u015fikta\u015f ile Ankara Ke\u00e7i\u00f6reng\u00fcc\u00fc ortas\u0131nda oynanan kupa m\u00fcsabakas\u0131na siyah-beyazl\u0131 taraftarlar ilgi g\u00f6stermedi.<\/p>\n<p> T\u00fcpra\u015f Stad\u0131&#8217;nda oynanan kar\u015f\u0131la\u015fmada trib\u00fcnlerdeki b\u00fcy\u00fck bo\u015fluklar dikkati \u00e7ekti.<\/p>\n<p><img decoding=\"async\" src=\"https:\/\/haberbesiktas.tr\/wp-content\/uploads\/2026\/01\/besiktastan-turkiye-kupasinda-ikide-iki-4-2wV2yNTS.jpg\"\/><\/p>\n<\/div>\n","protected":false},"excerpt":{"rendered":"<p>Be\u015fikta\u015f, T\u00fcrkiye Kupas\u0131&#8217;nda alan\u0131nda Ankara Ke\u00e7i\u00f6reng\u00fcc\u00fc&#8217;n\u00fc 3-0 ma\u011flup etti. Siyah-beyazl\u0131lar, kupada ikide iki yapt\u0131.<\/p>\n","protected":false},"author":1,"featured_media":49837,"comment_status":"open","ping_status":"open","sticky":false,"template":"","format":"standard","meta":{"footnotes":""},"categories":[25],"tags":[71,623,77,120,152],"class_list":["post-49836","post","type-post","status-publish","format-standard","has-post-thumbnail","hentry","category-futbol","tag-besiktas","tag-forma","tag-gol","tag-kupa","tag-siyah-beyazli"],"_links":{"self":[{"href":"https:\/\/haberbesiktas.tr\/index.php?rest_route=\/wp\/v2\/posts\/49836","targetHints":{"allow":["GET"]}}],"collection":[{"href":"https:\/\/haberbesiktas.tr\/index.php?rest_route=\/wp\/v2\/posts"}],"about":[{"href":"https:\/\/haberbesiktas.tr\/index.php?rest_route=\/wp\/v2\/types\/post"}],"author":[{"embeddable":true,"href":"https:\/\/haberbesiktas.tr\/index.php?rest_route=\/wp\/v2\/users\/1"}],"replies":[{"embeddable":true,"href":"https:\/\/haberbesiktas.tr\/index.php?rest_route=%2Fwp%2Fv2%2Fcomments&post=49836"}],"version-history":[{"count":1,"href":"https:\/\/haberbesiktas.tr\/index.php?rest_route=\/wp\/v2\/posts\/49836\/revisions"}],"predecessor-version":[{"id":49843,"href":"https:\/\/haberbesiktas.tr\/index.php?rest_route=\/wp\/v2\/posts\/49836\/revisions\/49843"}],"wp:featuredmedia":[{"embeddable":true,"href":"https:\/\/haberbesiktas.tr\/index.php?rest_route=\/wp\/v2\/media\/49837"}],"wp:attachment":[{"href":"https:\/\/haberbesiktas.tr\/index.php?rest_route=%2Fwp%2Fv2%2Fmedia&parent=49836"}],"wp:term":[{"taxonomy":"category","embeddable":true,"href":"https:\/\/haberbesiktas.tr\/index.php?rest_route=%2Fwp%2Fv2%2Fcategories&post=49836"},{"taxonomy":"post_tag","embeddable":true,"href":"https:\/\/haberbesiktas.tr\/index.php?rest_route=%2Fwp%2Fv2%2Ftags&post=49836"}],"curies":[{"name":"wp","href":"https:\/\/api.w.org\/{rel}","templated":true}]}}