{"id":49844,"date":"2026-01-16T06:48:04","date_gmt":"2026-01-16T06:48:04","guid":{"rendered":"https:\/\/haberbesiktas.tr\/?p=49844"},"modified":"2026-01-16T06:48:04","modified_gmt":"2026-01-16T06:48:04","slug":"taylan-bulut-kupayi-almak-istiyoruz","status":"publish","type":"post","link":"https:\/\/haberbesiktas.tr\/?p=49844","title":{"rendered":"Taylan Bulut: &#8220;Kupay\u0131 almak istiyoruz&#8221;"},"content":{"rendered":"<div>Be\u015fikta\u015f formas\u0131 giyen Taylan Bulut, kupada Ankara Ke\u00e7i\u00f6reng\u00fcc\u00fc ile oynanan ma\u00e7\u0131n akabinde a\u00e7\u0131klamada bulundu.<\/p>\n<p> Taylan Bulut, &#8220;<strong>Yeni y\u0131la yeterli ba\u015fl\u0131yoruz, ben de birinci asistimi yapt\u0131m. Bu formda devam etmek ve kupay\u0131 kazanmak istiyoruz.&#8221;<\/strong> dedi.<\/p>\n<p> 19 ya\u015f\u0131ndaki gen\u00e7 futbolcu,<strong> &#8220;\u0130dmanlardan sonra ortalara \u00e7ok \u00e7al\u0131\u015f\u0131yoruz. Sonucunda da ma\u00e7larda bu t\u00fcrl\u00fc asist oluyor.&#8221;<\/strong> kelamlar\u0131n\u0131 sarf etti.<\/p>\n<\/div>\n","protected":false},"excerpt":{"rendered":"<p>Be\u015fikta\u015f formas\u0131 giyen Taylan Bulut, kupada Ankara Ke\u00e7i\u00f6reng\u00fcc\u00fc ile oynanan ma\u00e7\u0131n akabinde konu\u015ftu.<\/p>\n","protected":false},"author":1,"featured_media":49845,"comment_status":"open","ping_status":"open","sticky":false,"template":"","format":"standard","meta":{"footnotes":""},"categories":[25],"tags":[],"class_list":["post-49844","post","type-post","status-publish","format-standard","has-post-thumbnail","hentry","category-futbol"],"_links":{"self":[{"href":"https:\/\/haberbesiktas.tr\/index.php?rest_route=\/wp\/v2\/posts\/49844","targetHints":{"allow":["GET"]}}],"collection":[{"href":"https:\/\/haberbesiktas.tr\/index.php?rest_route=\/wp\/v2\/posts"}],"about":[{"href":"https:\/\/haberbesiktas.tr\/index.php?rest_route=\/wp\/v2\/types\/post"}],"author":[{"embeddable":true,"href":"https:\/\/haberbesiktas.tr\/index.php?rest_route=\/wp\/v2\/users\/1"}],"replies":[{"embeddable":true,"href":"https:\/\/haberbesiktas.tr\/index.php?rest_route=%2Fwp%2Fv2%2Fcomments&post=49844"}],"version-history":[{"count":1,"href":"https:\/\/haberbesiktas.tr\/index.php?rest_route=\/wp\/v2\/posts\/49844\/revisions"}],"predecessor-version":[{"id":49846,"href":"https:\/\/haberbesiktas.tr\/index.php?rest_route=\/wp\/v2\/posts\/49844\/revisions\/49846"}],"wp:featuredmedia":[{"embeddable":true,"href":"https:\/\/haberbesiktas.tr\/index.php?rest_route=\/wp\/v2\/media\/49845"}],"wp:attachment":[{"href":"https:\/\/haberbesiktas.tr\/index.php?rest_route=%2Fwp%2Fv2%2Fmedia&parent=49844"}],"wp:term":[{"taxonomy":"category","embeddable":true,"href":"https:\/\/haberbesiktas.tr\/index.php?rest_route=%2Fwp%2Fv2%2Fcategories&post=49844"},{"taxonomy":"post_tag","embeddable":true,"href":"https:\/\/haberbesiktas.tr\/index.php?rest_route=%2Fwp%2Fv2%2Ftags&post=49844"}],"curies":[{"name":"wp","href":"https:\/\/api.w.org\/{rel}","templated":true}]}}