{"id":49847,"date":"2026-01-16T07:00:05","date_gmt":"2026-01-16T07:00:05","guid":{"rendered":"https:\/\/haberbesiktas.tr\/?p=49847"},"modified":"2026-01-16T07:00:05","modified_gmt":"2026-01-16T07:00:05","slug":"besiktasta-rashicadan-100-macta-gurur-mesaji","status":"publish","type":"post","link":"https:\/\/haberbesiktas.tr\/?p=49847","title":{"rendered":"Be\u015fikta\u015f&#8217;ta Rashica&#8217;dan 100. ma\u00e7ta gurur mesaj\u0131"},"content":{"rendered":"<div>\n<div>Be\u015fikta\u015f, T\u00fcrkiye Kupas\u0131&#8217;nda alan\u0131nda Ankara Ke\u00e7i\u00f6reng\u00fcc\u00fc&#8217;n\u00fc 3-0 ma\u011flup etti. Siyah-beyazl\u0131lar, kupada ikide iki yapt\u0131.<\/div>\n<div>\u00a0<\/div>\n<div>Ma\u00e7\u0131n \u00e7abucak akabinde Be\u015fikta\u015f&#8217;\u0131n Kosoval\u0131 y\u0131ld\u0131z\u0131 Milot Rashica a\u00e7\u0131klamalarda bulundu.<\/div>\n<div>\u00a0<\/div>\n<div>Siyah-beyazl\u0131 formayla 100. ma\u00e7\u0131na \u00e7\u0131kan Rashica, &#8220;Ge\u00e7en y\u0131l\u0131 bitirdi\u011fimiz \u00fczere ba\u015flad\u0131k. Galibiyet \u00e7ok ho\u015f. \u0130lerliyoruz ve geli\u015fiyoruz. Bu t\u00fcrl\u00fc devam etmek istiyoruz.<\/div>\n<div>\u00a0<\/div>\n<div>100. ma\u00e7\u0131ma \u00e7\u0131kt\u0131\u011f\u0131m i\u00e7in memnunum, gururluyum&#8230; Son d\u00f6nemlerdeki de\u011fi\u015fikliklere kar\u015f\u0131n buna ula\u015fmak, kul\u00fcb\u00fcn bana duydu\u011fu inanc\u0131 g\u00f6sterir.&#8221; s\u00f6zlerini kulland\u0131.<\/div>\n<\/p><\/div>\n","protected":false},"excerpt":{"rendered":"<p>T\u00fcrkiye Kupas\u0131&#8217;nda alan\u0131nda Ankara Ke\u00e7i\u00f6reng\u00fcc\u00fc&#8217;n\u00fc 3-0 ma\u011flup eden Be\u015fikta\u015f, ikide iki yaparak yoluna emin ad\u0131mlarla devam etti.<\/p>\n","protected":false},"author":1,"featured_media":49848,"comment_status":"open","ping_status":"open","sticky":false,"template":"","format":"standard","meta":{"footnotes":""},"categories":[25],"tags":[],"class_list":["post-49847","post","type-post","status-publish","format-standard","has-post-thumbnail","hentry","category-futbol"],"_links":{"self":[{"href":"https:\/\/haberbesiktas.tr\/index.php?rest_route=\/wp\/v2\/posts\/49847","targetHints":{"allow":["GET"]}}],"collection":[{"href":"https:\/\/haberbesiktas.tr\/index.php?rest_route=\/wp\/v2\/posts"}],"about":[{"href":"https:\/\/haberbesiktas.tr\/index.php?rest_route=\/wp\/v2\/types\/post"}],"author":[{"embeddable":true,"href":"https:\/\/haberbesiktas.tr\/index.php?rest_route=\/wp\/v2\/users\/1"}],"replies":[{"embeddable":true,"href":"https:\/\/haberbesiktas.tr\/index.php?rest_route=%2Fwp%2Fv2%2Fcomments&post=49847"}],"version-history":[{"count":1,"href":"https:\/\/haberbesiktas.tr\/index.php?rest_route=\/wp\/v2\/posts\/49847\/revisions"}],"predecessor-version":[{"id":49849,"href":"https:\/\/haberbesiktas.tr\/index.php?rest_route=\/wp\/v2\/posts\/49847\/revisions\/49849"}],"wp:featuredmedia":[{"embeddable":true,"href":"https:\/\/haberbesiktas.tr\/index.php?rest_route=\/wp\/v2\/media\/49848"}],"wp:attachment":[{"href":"https:\/\/haberbesiktas.tr\/index.php?rest_route=%2Fwp%2Fv2%2Fmedia&parent=49847"}],"wp:term":[{"taxonomy":"category","embeddable":true,"href":"https:\/\/haberbesiktas.tr\/index.php?rest_route=%2Fwp%2Fv2%2Fcategories&post=49847"},{"taxonomy":"post_tag","embeddable":true,"href":"https:\/\/haberbesiktas.tr\/index.php?rest_route=%2Fwp%2Fv2%2Ftags&post=49847"}],"curies":[{"name":"wp","href":"https:\/\/api.w.org\/{rel}","templated":true}]}}