{"id":49850,"date":"2026-01-16T07:12:04","date_gmt":"2026-01-16T07:12:04","guid":{"rendered":"https:\/\/haberbesiktas.tr\/?p=49850"},"modified":"2026-01-16T07:12:04","modified_gmt":"2026-01-16T07:12:04","slug":"kartal-kayra-golunu-atti-son-canim-vardi","status":"publish","type":"post","link":"https:\/\/haberbesiktas.tr\/?p=49850","title":{"rendered":"Kartal Kayra, gol\u00fcn\u00fc att\u0131: &#8220;Son can\u0131m vard\u0131&#8221;"},"content":{"rendered":"<div>Be\u015fikta\u015f&#8217;\u0131n Zirat T\u00fcrkiye Kupas\u0131&#8217;nda Ke\u00e7i\u00f6reng\u00fcc\u00fc&#8217;n\u00fc 3-0 yendi ma\u00e7ta son gol\u00fc atan Kartal Kayra Y\u0131lmaz a\u00e7\u0131klamalarda bulundu.<\/p>\n<p> Galibiyet ve gayeleri hakk\u0131nda konu\u015fan Kartal Kayra Y\u0131lmaz &#8220;Tak\u0131m arkada\u015flar\u0131m\u0131 kutlar\u0131m, alanda ho\u015f futbol g\u00f6stermeye \u00e7al\u0131\u015ft\u0131k ve kar\u015f\u0131l\u0131\u011f\u0131n\u0131 ald\u0131k. Fenerbah\u00e7e&#8217;yi yendik kupada ve sonra bu ma\u00e7.. Ama\u00e7lar\u0131m\u0131z\u0131 koyduk ve ho\u015f bir ba\u015flang\u0131\u00e7 oldu y\u0131la. \u015eimdi ligde Kayserispor ma\u00e7\u0131 var, galibiyetlere devam etmek istiyoruz.&#8221; dedi.<\/p>\n<p> Att\u0131\u011f\u0131 ho\u015f golle ilgili konu\u015fan Kartal Kayra Y\u0131lmaz &#8220;Salih a\u011fabey ho\u015f bir pas att\u0131, pastan \u00f6ncekendimi oraya ko\u015fturdum, son bir can\u0131m vard\u0131, u\u00e7arak vurdum. Salih a\u011fabeyi de asisti i\u00e7in kutlar\u0131m.&#8221; s\u00f6zlerini kulland\u0131. <\/p>\n<blockquote class=\"twitter-tweet\" data-width=\"500\" data-dnt=\"true\">\n<p lang=\"tr\" dir=\"ltr\">Kartal Kayra Y\u0131lmaz: &quot;Salih a\u011fabey g\u00fczel bir pas att\u0131, pastan \u00f6nce kendimi oraya ko\u015fturdum, son bir can\u0131m vard\u0131, u\u00e7arak vurdum. Salih a\u011fabeyi de asisti i\u00e7in kutlar\u0131m.<a href=\"https:\/\/t.co\/3P1Axtxe7D\" rel=\"nofollow\">pic.twitter.com\/3P1Axtxe7D<\/a><\/p>\n<p>&mdash; Sporx (@sporx) <a href=\"https:\/\/twitter.com\/sporx\/status\/2011885484063039945?ref_src=twsrc%5Etfw\" rel=\"nofollow noopener\" target=\"_blank\">January 15, 2026<\/a><\/p><\/blockquote>\n<p><script async src=\"https:\/\/platform.twitter.com\/widgets.js\" charset=\"utf-8\"><\/script><\/p>\n<\/p><\/div>\n","protected":false},"excerpt":{"rendered":"<p>Be\u015fikta\u015f formas\u0131 giyen Kartal Kayra Y\u0131lmaz, kupadaki Ankara Ke\u00e7i\u00f6reng\u00fcc\u00fc galibiyetini k\u0131ymetlendirdi.<\/p>\n","protected":false},"author":1,"featured_media":49852,"comment_status":"open","ping_status":"open","sticky":false,"template":"","format":"standard","meta":{"footnotes":""},"categories":[25],"tags":[],"class_list":["post-49850","post","type-post","status-publish","format-standard","has-post-thumbnail","hentry","category-futbol"],"_links":{"self":[{"href":"https:\/\/haberbesiktas.tr\/index.php?rest_route=\/wp\/v2\/posts\/49850","targetHints":{"allow":["GET"]}}],"collection":[{"href":"https:\/\/haberbesiktas.tr\/index.php?rest_route=\/wp\/v2\/posts"}],"about":[{"href":"https:\/\/haberbesiktas.tr\/index.php?rest_route=\/wp\/v2\/types\/post"}],"author":[{"embeddable":true,"href":"https:\/\/haberbesiktas.tr\/index.php?rest_route=\/wp\/v2\/users\/1"}],"replies":[{"embeddable":true,"href":"https:\/\/haberbesiktas.tr\/index.php?rest_route=%2Fwp%2Fv2%2Fcomments&post=49850"}],"version-history":[{"count":1,"href":"https:\/\/haberbesiktas.tr\/index.php?rest_route=\/wp\/v2\/posts\/49850\/revisions"}],"predecessor-version":[{"id":49853,"href":"https:\/\/haberbesiktas.tr\/index.php?rest_route=\/wp\/v2\/posts\/49850\/revisions\/49853"}],"wp:featuredmedia":[{"embeddable":true,"href":"https:\/\/haberbesiktas.tr\/index.php?rest_route=\/wp\/v2\/media\/49852"}],"wp:attachment":[{"href":"https:\/\/haberbesiktas.tr\/index.php?rest_route=%2Fwp%2Fv2%2Fmedia&parent=49850"}],"wp:term":[{"taxonomy":"category","embeddable":true,"href":"https:\/\/haberbesiktas.tr\/index.php?rest_route=%2Fwp%2Fv2%2Fcategories&post=49850"},{"taxonomy":"post_tag","embeddable":true,"href":"https:\/\/haberbesiktas.tr\/index.php?rest_route=%2Fwp%2Fv2%2Ftags&post=49850"}],"curies":[{"name":"wp","href":"https:\/\/api.w.org\/{rel}","templated":true}]}}