{"id":4986,"date":"2025-01-20T14:36:00","date_gmt":"2025-01-20T14:36:00","guid":{"rendered":"https:\/\/haberbesiktas.tr\/?p=4986"},"modified":"2025-01-20T14:36:00","modified_gmt":"2025-01-20T14:36:00","slug":"caglar-soyuncu-puan-kaybi-luksumuz-yok","status":"publish","type":"post","link":"https:\/\/haberbesiktas.tr\/?p=4986","title":{"rendered":"\u00c7a\u011flar S\u00f6y\u00fcnc\u00fc: &#8220;Puan kayb\u0131 l\u00fcks\u00fcm\u00fcz yok&#8221;"},"content":{"rendered":"<div>Fenerbah\u00e7e&#8217;nin deplasmanda Konyaspor&#8217;u 3-2 ma\u011flup etti\u011fi ma\u00e7ta Sar\u0131-Lacivertliler&#8217;in ikinci gol\u00fcn\u00fc atan \u00c7a\u011flar S\u00f6y\u00fcnc\u00fc, galibiyetin akabinde a\u00e7\u0131klamalarda bulundu.\u00a0<\/p>\n<p><strong><span>&#8220;PUAN KAYBI L\u00dcKS\u00dcM\u00dcZ YOK&#8221;<\/p>\n<p><\/span><\/strong><span>M\u00fccadeleyi k\u0131ymetlendiren \u00c7a\u011flar, <strong>&#8220;Ma\u00e7a istemedi\u011fimiz halde ba\u015flad\u0131k lakin istedi\u011fimiz noktaya geldik. Bundan sonra puan kayb\u0131 l\u00fcks\u00fcm\u00fcz\u00fcn olmad\u0131\u011f\u0131n\u0131 biliyoruz, bunun gerilimini ya\u015fad\u0131k. Oynayan oynamayan t\u00fcm arkada\u015flar\u0131mla birlikte Fenerbah\u00e7e&#8217;yi daha uygun yerlere getirmeye \u00e7al\u0131\u015faca\u011f\u0131z.&#8221;<\/strong> tabirlerini kulland\u0131.<\/span><\/div>\n","protected":false},"excerpt":{"rendered":"<p>Fenerbah\u00e7e&#8217;nin Konyaspor&#8217;u 3-2 yendi\u011fi ma\u00e7ta Sar\u0131-Lacivertliler&#8217;in ikinci gol\u00fcn\u00fc atan \u00c7a\u011flar S\u00f6y\u00fcnc\u00fc, galibiyetin akabinde a\u00e7\u0131klama yapt\u0131.<\/p>\n","protected":false},"author":1,"featured_media":4987,"comment_status":"open","ping_status":"open","sticky":false,"template":"","format":"standard","meta":{"footnotes":""},"categories":[25],"tags":[],"class_list":["post-4986","post","type-post","status-publish","format-standard","has-post-thumbnail","hentry","category-futbol"],"_links":{"self":[{"href":"https:\/\/haberbesiktas.tr\/index.php?rest_route=\/wp\/v2\/posts\/4986","targetHints":{"allow":["GET"]}}],"collection":[{"href":"https:\/\/haberbesiktas.tr\/index.php?rest_route=\/wp\/v2\/posts"}],"about":[{"href":"https:\/\/haberbesiktas.tr\/index.php?rest_route=\/wp\/v2\/types\/post"}],"author":[{"embeddable":true,"href":"https:\/\/haberbesiktas.tr\/index.php?rest_route=\/wp\/v2\/users\/1"}],"replies":[{"embeddable":true,"href":"https:\/\/haberbesiktas.tr\/index.php?rest_route=%2Fwp%2Fv2%2Fcomments&post=4986"}],"version-history":[{"count":1,"href":"https:\/\/haberbesiktas.tr\/index.php?rest_route=\/wp\/v2\/posts\/4986\/revisions"}],"predecessor-version":[{"id":4988,"href":"https:\/\/haberbesiktas.tr\/index.php?rest_route=\/wp\/v2\/posts\/4986\/revisions\/4988"}],"wp:featuredmedia":[{"embeddable":true,"href":"https:\/\/haberbesiktas.tr\/index.php?rest_route=\/wp\/v2\/media\/4987"}],"wp:attachment":[{"href":"https:\/\/haberbesiktas.tr\/index.php?rest_route=%2Fwp%2Fv2%2Fmedia&parent=4986"}],"wp:term":[{"taxonomy":"category","embeddable":true,"href":"https:\/\/haberbesiktas.tr\/index.php?rest_route=%2Fwp%2Fv2%2Fcategories&post=4986"},{"taxonomy":"post_tag","embeddable":true,"href":"https:\/\/haberbesiktas.tr\/index.php?rest_route=%2Fwp%2Fv2%2Ftags&post=4986"}],"curies":[{"name":"wp","href":"https:\/\/api.w.org\/{rel}","templated":true}]}}