{"id":49860,"date":"2026-01-16T07:48:04","date_gmt":"2026-01-16T07:48:04","guid":{"rendered":"https:\/\/haberbesiktas.tr\/?p=49860"},"modified":"2026-01-16T07:48:04","modified_gmt":"2026-01-16T07:48:04","slug":"fenerbahce-ngolo-kanteye-gitti","status":"publish","type":"post","link":"https:\/\/haberbesiktas.tr\/?p=49860","title":{"rendered":"Fenerbah\u00e7e, N&#8217;Golo Kante&#8217;ye gitti!"},"content":{"rendered":"<div>Fenerbah\u00e7e, Al-Ittihad formas\u0131 giyen N&#8217;Golo Kante&#8217;nin transferini bitirmeye gitti.<\/p>\n<p> Sar\u0131-lacivertliler, Frans\u0131z y\u0131ld\u0131z ile yapt\u0131\u011f\u0131 g\u00f6r\u00fc\u015fmelerde mukavele ve maa\u015f konusunda mutabakata vard\u0131.<\/p>\n<p> Fenerbah\u00e7e, Kante transferinin resmiyete d\u00f6k\u00fclmesiyle birlikte 34 ya\u015f\u0131ndaki y\u0131ld\u0131z futbolcu ile 2.5 y\u0131ll\u0131k kontrat imzalayacak. <\/p>\n<p> <strong>TRANSFER\u0130 B\u0130T\u0130RMEYE G\u0130TT\u0130LER<\/strong><\/p>\n<p> Fenerbah\u00e7e transfer komitesi, Kante transferini bitirmeye gitti. Fenerbah\u00e7eli kurmaylar Ertan Toruno\u011fullar\u0131, \u00d6mer Topba\u015f ve Devin \u00d6zek, 15 Ocak Per\u015fembe ak\u015fam\u0131 N&#8217;Golo Kante transferini bitirmek i\u00e7in Arap yar\u0131madas\u0131na gitti.<\/p>\n<p><strong>Y\u00d6NET\u0130MDEN A\u00c7IKLAMA<\/strong><\/p>\n<p> Fenerbah\u00e7e Futbol \u015eube Sorumlusu Ertan Toruno\u011fullar\u0131, yapt\u0131\u011f\u0131 a\u00e7\u0131klamada, <strong>&#8220;Transferle ilgili bir ka\u00e7 g\u00f6r\u00fc\u015fme yapmaya gidiyoruz.&#8221;<\/strong> dedi.<\/p>\n<p> Sar\u0131-lacivertlilerin, bu u\u00e7u\u015fun akabinde Kante transferini bitirmesi bekleniyor.<\/p>\n<\/div>\n","protected":false},"excerpt":{"rendered":"<p>Fenerbah\u00e7e, Al-Ittihad formas\u0131 giyen N&#8217;Golo Kante&#8217;nin transferinde son etaba geldi. Fenerbah\u00e7eli kurmaylar Ertan Toruno\u011fullar\u0131, \u00d6mer Topba\u015f ve Devin \u00d6zek, N&#8217;Golo Kante transferini bitirmek i\u00e7in Arap yar\u0131madas\u0131na gitti.<\/p>\n","protected":false},"author":1,"featured_media":49861,"comment_status":"open","ping_status":"open","sticky":false,"template":"","format":"standard","meta":{"footnotes":""},"categories":[25],"tags":[115,3749,3772],"class_list":["post-49860","post","type-post","status-publish","format-standard","has-post-thumbnail","hentry","category-futbol","tag-fenerbahce","tag-kante","tag-transferini"],"_links":{"self":[{"href":"https:\/\/haberbesiktas.tr\/index.php?rest_route=\/wp\/v2\/posts\/49860","targetHints":{"allow":["GET"]}}],"collection":[{"href":"https:\/\/haberbesiktas.tr\/index.php?rest_route=\/wp\/v2\/posts"}],"about":[{"href":"https:\/\/haberbesiktas.tr\/index.php?rest_route=\/wp\/v2\/types\/post"}],"author":[{"embeddable":true,"href":"https:\/\/haberbesiktas.tr\/index.php?rest_route=\/wp\/v2\/users\/1"}],"replies":[{"embeddable":true,"href":"https:\/\/haberbesiktas.tr\/index.php?rest_route=%2Fwp%2Fv2%2Fcomments&post=49860"}],"version-history":[{"count":1,"href":"https:\/\/haberbesiktas.tr\/index.php?rest_route=\/wp\/v2\/posts\/49860\/revisions"}],"predecessor-version":[{"id":49862,"href":"https:\/\/haberbesiktas.tr\/index.php?rest_route=\/wp\/v2\/posts\/49860\/revisions\/49862"}],"wp:featuredmedia":[{"embeddable":true,"href":"https:\/\/haberbesiktas.tr\/index.php?rest_route=\/wp\/v2\/media\/49861"}],"wp:attachment":[{"href":"https:\/\/haberbesiktas.tr\/index.php?rest_route=%2Fwp%2Fv2%2Fmedia&parent=49860"}],"wp:term":[{"taxonomy":"category","embeddable":true,"href":"https:\/\/haberbesiktas.tr\/index.php?rest_route=%2Fwp%2Fv2%2Fcategories&post=49860"},{"taxonomy":"post_tag","embeddable":true,"href":"https:\/\/haberbesiktas.tr\/index.php?rest_route=%2Fwp%2Fv2%2Ftags&post=49860"}],"curies":[{"name":"wp","href":"https:\/\/api.w.org\/{rel}","templated":true}]}}