{"id":49863,"date":"2026-01-16T08:00:05","date_gmt":"2026-01-16T08:00:05","guid":{"rendered":"https:\/\/haberbesiktas.tr\/?p=49863"},"modified":"2026-01-16T08:00:05","modified_gmt":"2026-01-16T08:00:05","slug":"sergen-yalcin-rafa-silva-ayrilabilir","status":"publish","type":"post","link":"https:\/\/haberbesiktas.tr\/?p=49863","title":{"rendered":"Sergen Yal\u00e7\u0131n: &#8220;Rafa Silva ayr\u0131labilir&#8221;"},"content":{"rendered":"<div>Be\u015fikta\u015f Teknik Y\u00f6neticisi Sergen Yal\u00e7\u0131n, kupada Ankara Ke\u00e7i\u00f6reng\u00fcc\u00fc ile oynad\u0131klar\u0131 ma\u00e7\u0131n akabinde konu\u015ftu.<\/p>\n<p> Yal\u00e7\u0131n, s\u00fcreci krize d\u00f6n\u00fc\u015fen Rafa Silva&#8217;n\u0131n ekipten ayr\u0131labilece\u011fini a\u00e7\u0131klad\u0131.<\/p>\n<p> Transfer ve ayr\u0131lacak oyunculara dair konu\u015fan Sergen Yal\u00e7\u0131n, &#8220;Aram\u0131zdan ayr\u0131lacak birka\u00e7 oyuncu daha var. Rafa Silva&#8217;n\u0131n durumu var, o da ayr\u0131labilir.&#8221; dedi.<\/p>\n<p> Be\u015fikta\u015f formas\u0131 alt\u0131nda bu d\u00f6nem 16 ma\u00e7ta m\u00fcddet bulan 32 ya\u015f\u0131ndaki Rafa Silva, 5 gol att\u0131 ve 3 asist yapt\u0131.<\/p>\n<\/div>\n","protected":false},"excerpt":{"rendered":"<p>Be\u015fikta\u015f Teknik Y\u00f6neticisi Sergen Yal\u00e7\u0131n, s\u00fcreci krize d\u00f6n\u00fc\u015fen Rafa Silva&#8217;n\u0131n devre ortas\u0131nda gruptan ayr\u0131labilece\u011fini a\u00e7\u0131klad\u0131.<\/p>\n","protected":false},"author":1,"featured_media":49864,"comment_status":"open","ping_status":"open","sticky":false,"template":"","format":"standard","meta":{"footnotes":""},"categories":[25],"tags":[],"class_list":["post-49863","post","type-post","status-publish","format-standard","has-post-thumbnail","hentry","category-futbol"],"_links":{"self":[{"href":"https:\/\/haberbesiktas.tr\/index.php?rest_route=\/wp\/v2\/posts\/49863","targetHints":{"allow":["GET"]}}],"collection":[{"href":"https:\/\/haberbesiktas.tr\/index.php?rest_route=\/wp\/v2\/posts"}],"about":[{"href":"https:\/\/haberbesiktas.tr\/index.php?rest_route=\/wp\/v2\/types\/post"}],"author":[{"embeddable":true,"href":"https:\/\/haberbesiktas.tr\/index.php?rest_route=\/wp\/v2\/users\/1"}],"replies":[{"embeddable":true,"href":"https:\/\/haberbesiktas.tr\/index.php?rest_route=%2Fwp%2Fv2%2Fcomments&post=49863"}],"version-history":[{"count":1,"href":"https:\/\/haberbesiktas.tr\/index.php?rest_route=\/wp\/v2\/posts\/49863\/revisions"}],"predecessor-version":[{"id":49865,"href":"https:\/\/haberbesiktas.tr\/index.php?rest_route=\/wp\/v2\/posts\/49863\/revisions\/49865"}],"wp:featuredmedia":[{"embeddable":true,"href":"https:\/\/haberbesiktas.tr\/index.php?rest_route=\/wp\/v2\/media\/49864"}],"wp:attachment":[{"href":"https:\/\/haberbesiktas.tr\/index.php?rest_route=%2Fwp%2Fv2%2Fmedia&parent=49863"}],"wp:term":[{"taxonomy":"category","embeddable":true,"href":"https:\/\/haberbesiktas.tr\/index.php?rest_route=%2Fwp%2Fv2%2Fcategories&post=49863"},{"taxonomy":"post_tag","embeddable":true,"href":"https:\/\/haberbesiktas.tr\/index.php?rest_route=%2Fwp%2Fv2%2Ftags&post=49863"}],"curies":[{"name":"wp","href":"https:\/\/api.w.org\/{rel}","templated":true}]}}