{"id":4992,"date":"2025-01-20T15:11:58","date_gmt":"2025-01-20T15:11:58","guid":{"rendered":"https:\/\/haberbesiktas.tr\/?p=4992"},"modified":"2025-01-20T15:11:58","modified_gmt":"2025-01-20T15:11:58","slug":"guilherme-ceza-almaktan-korkuyorum","status":"publish","type":"post","link":"https:\/\/haberbesiktas.tr\/?p=4992","title":{"rendered":"Guilherme: &#8220;Ceza almaktan korkuyorum!&#8221;"},"content":{"rendered":"<div>Konyaspor&#8217;da kaptan Guilherme, Fenerbah\u00e7e kar\u015f\u0131s\u0131ndaki 3-2&#8217;lik ma\u011flubiyetin akabinde konu\u015ftu.<\/p>\n<p> Guilherme, &#8220;<strong>\u00d6ncelikle bug\u00fcn stadyuma taraftar\u0131m\u0131za te\u015fekk\u00fcr ederim, m\u00fckemmel bir atmosferdi. Karde\u015fimiz Ahmet \u00c7al\u0131k&#8217;\u0131 gururland\u0131rm\u0131\u015f ve onurland\u0131rm\u0131\u015f olmak isterdik. Burada onun ismine, onun onuruna, herkes i\u00e7in puan\u0131 getirme motivasyonumuz vard\u0131. Birtak\u0131m kararlar, ma\u00e7 s\u00fcrecinde bize ziyan verebiliyor. Ba\u015f\u0131mdan ge\u00e7en her c\u00fcmleyi s\u00f6ylerdim lakin ceza almaktan korkuyorum.&#8221;<\/strong> s\u00f6zlerini kulland\u0131.<\/p>\n<p> A\u00e7\u0131klamalar\u0131na devam eden Guilherme, <strong>&#8220;Burada bizim de alanda kusurlar\u0131m\u0131z oldu lakin Prip&#8217;in konumunu ve Dzeko&#8217;nun durumunu g\u00f6z \u00f6n\u00fcne ald\u0131\u011f\u0131n\u0131zda&#8230; Bu \u00fczere kararlar bize ziyan veriyor. Bug\u00fcn Konyaspor&#8217;un ne oldu\u011funu elimizden geldi\u011fince g\u00f6sterdik ancak denetim bizde de\u011fildi.&#8221;<\/strong> kelamlar\u0131n\u0131 sarf etti.<\/p>\n<\/div>\n","protected":false},"excerpt":{"rendered":"<p>Konyaspor&#8217;un kaptan\u0131 Guilherme, Fenerbah\u00e7e ma\u00e7\u0131 sonras\u0131 konu\u015ftu.<\/p>\n","protected":false},"author":1,"featured_media":4993,"comment_status":"open","ping_status":"open","sticky":false,"template":"","format":"standard","meta":{"footnotes":""},"categories":[25],"tags":[],"class_list":["post-4992","post","type-post","status-publish","format-standard","has-post-thumbnail","hentry","category-futbol"],"_links":{"self":[{"href":"https:\/\/haberbesiktas.tr\/index.php?rest_route=\/wp\/v2\/posts\/4992","targetHints":{"allow":["GET"]}}],"collection":[{"href":"https:\/\/haberbesiktas.tr\/index.php?rest_route=\/wp\/v2\/posts"}],"about":[{"href":"https:\/\/haberbesiktas.tr\/index.php?rest_route=\/wp\/v2\/types\/post"}],"author":[{"embeddable":true,"href":"https:\/\/haberbesiktas.tr\/index.php?rest_route=\/wp\/v2\/users\/1"}],"replies":[{"embeddable":true,"href":"https:\/\/haberbesiktas.tr\/index.php?rest_route=%2Fwp%2Fv2%2Fcomments&post=4992"}],"version-history":[{"count":1,"href":"https:\/\/haberbesiktas.tr\/index.php?rest_route=\/wp\/v2\/posts\/4992\/revisions"}],"predecessor-version":[{"id":4994,"href":"https:\/\/haberbesiktas.tr\/index.php?rest_route=\/wp\/v2\/posts\/4992\/revisions\/4994"}],"wp:featuredmedia":[{"embeddable":true,"href":"https:\/\/haberbesiktas.tr\/index.php?rest_route=\/wp\/v2\/media\/4993"}],"wp:attachment":[{"href":"https:\/\/haberbesiktas.tr\/index.php?rest_route=%2Fwp%2Fv2%2Fmedia&parent=4992"}],"wp:term":[{"taxonomy":"category","embeddable":true,"href":"https:\/\/haberbesiktas.tr\/index.php?rest_route=%2Fwp%2Fv2%2Fcategories&post=4992"},{"taxonomy":"post_tag","embeddable":true,"href":"https:\/\/haberbesiktas.tr\/index.php?rest_route=%2Fwp%2Fv2%2Ftags&post=4992"}],"curies":[{"name":"wp","href":"https:\/\/api.w.org\/{rel}","templated":true}]}}