{"id":49925,"date":"2026-01-16T12:00:07","date_gmt":"2026-01-16T12:00:07","guid":{"rendered":"https:\/\/haberbesiktas.tr\/?p=49925"},"modified":"2026-01-16T12:00:07","modified_gmt":"2026-01-16T12:00:07","slug":"genclerbirligi-secime-gidiyor","status":"publish","type":"post","link":"https:\/\/haberbesiktas.tr\/?p=49925","title":{"rendered":"Gen\u00e7lerbirli\u011fi se\u00e7ime gidiyor"},"content":{"rendered":"<div>\n<div>Trendyol S\u00fcper Lig gruplar\u0131ndan Gen\u00e7lerbirli\u011fi&#8217;nin ola\u011fan\u00fcst\u00fc se\u00e7imli genel kurulu 17 Ocak Cumartesi g\u00fcn\u00fc yap\u0131lacak.<\/div>\n<div>\u00a0<\/div>\n<div>Naz\u0131m Hikmet Kongre ve Sanat Merkezi&#8217;nde \u00e7o\u011funluk aranmaks\u0131z\u0131n yap\u0131lacak genel \u015fura, saat 10.00&#8217;da ba\u015flayacak.<\/div>\n<div>\u00a0<\/div>\n<div>K\u0131rm\u0131z\u0131-siyahl\u0131 kul\u00fcb\u00fcn Be\u015ftepe \u0130lhan Cavcav Tesisleri&#8217;ndeki birinci toplant\u0131s\u0131nda k\u00e2fi \u00fcye say\u0131s\u0131na ula\u015f\u0131lamam\u0131\u015ft\u0131.<\/div>\n<div>\u00a0<\/div>\n<div>Ba\u015fkent grubunun, 6 Aral\u0131k 2025 tarihindeki harikul\u00e2de genel heyetinde ba\u015fkanl\u0131\u011fa Arda \u00c7akmak se\u00e7ilmi\u015fti.<\/div>\n<div>\u00a0<\/div>\n<div>Mehmet Kaya&#8217;n\u0131n adayl\u0131ktan \u00e7ekilmesi \u00fczerine salona gelerek se\u00e7ime tek aday olarak giren \u00c7akmak, oylaman\u0131n akabinde yapt\u0131\u011f\u0131 te\u015fekk\u00fcr konu\u015fmas\u0131nda, listeleri son anda belirlemek durumunda kald\u0131klar\u0131n\u0131, &#8220;daha g\u00fc\u00e7l\u00fc bir idare kurulu&#8221; olu\u015fturmak i\u00e7in yine genel \u015fura karar\u0131 al\u0131naca\u011f\u0131n\u0131 belirtmi\u015fti.<\/div>\n<div>\u00a0<\/div>\n<div>Gen\u00e7lerbirli\u011fi Kul\u00fcb\u00fcn\u00fcn internet sitesinden 22 Aral\u0131k&#8217;ta genel \u015fura karar\u0131 al\u0131nd\u0131\u011f\u0131 duyurulmu\u015ftu.<\/div>\n<div>\u00a0<\/div>\n<div>\u00d6te yandan, ba\u015f\u015fehir temsilcisinin se\u00e7imli genel heyetinde isim sponsorlu\u011fu konusu da g\u00fcndeme gelecek.<\/div>\n<\/p><\/div>\n","protected":false},"excerpt":{"rendered":"<p>Trendyol S\u00fcper Lig gruplar\u0131ndan Gen\u00e7lerbirli\u011fi, inan\u0131lmaz se\u00e7imli genel heyetini 17 Ocak Cumartesi g\u00fcn\u00fc yapacak.<\/p>\n","protected":false},"author":1,"featured_media":49926,"comment_status":"open","ping_status":"open","sticky":false,"template":"","format":"standard","meta":{"footnotes":""},"categories":[25],"tags":[260],"class_list":["post-49925","post","type-post","status-publish","format-standard","has-post-thumbnail","hentry","category-futbol","tag-genel-kurul"],"_links":{"self":[{"href":"https:\/\/haberbesiktas.tr\/index.php?rest_route=\/wp\/v2\/posts\/49925","targetHints":{"allow":["GET"]}}],"collection":[{"href":"https:\/\/haberbesiktas.tr\/index.php?rest_route=\/wp\/v2\/posts"}],"about":[{"href":"https:\/\/haberbesiktas.tr\/index.php?rest_route=\/wp\/v2\/types\/post"}],"author":[{"embeddable":true,"href":"https:\/\/haberbesiktas.tr\/index.php?rest_route=\/wp\/v2\/users\/1"}],"replies":[{"embeddable":true,"href":"https:\/\/haberbesiktas.tr\/index.php?rest_route=%2Fwp%2Fv2%2Fcomments&post=49925"}],"version-history":[{"count":1,"href":"https:\/\/haberbesiktas.tr\/index.php?rest_route=\/wp\/v2\/posts\/49925\/revisions"}],"predecessor-version":[{"id":49927,"href":"https:\/\/haberbesiktas.tr\/index.php?rest_route=\/wp\/v2\/posts\/49925\/revisions\/49927"}],"wp:featuredmedia":[{"embeddable":true,"href":"https:\/\/haberbesiktas.tr\/index.php?rest_route=\/wp\/v2\/media\/49926"}],"wp:attachment":[{"href":"https:\/\/haberbesiktas.tr\/index.php?rest_route=%2Fwp%2Fv2%2Fmedia&parent=49925"}],"wp:term":[{"taxonomy":"category","embeddable":true,"href":"https:\/\/haberbesiktas.tr\/index.php?rest_route=%2Fwp%2Fv2%2Fcategories&post=49925"},{"taxonomy":"post_tag","embeddable":true,"href":"https:\/\/haberbesiktas.tr\/index.php?rest_route=%2Fwp%2Fv2%2Ftags&post=49925"}],"curies":[{"name":"wp","href":"https:\/\/api.w.org\/{rel}","templated":true}]}}