{"id":49931,"date":"2026-01-16T12:24:06","date_gmt":"2026-01-16T12:24:06","guid":{"rendered":"https:\/\/haberbesiktas.tr\/?p=49931"},"modified":"2026-01-16T12:24:06","modified_gmt":"2026-01-16T12:24:06","slug":"galatasarayda-gaziantep-fk-oncesi-eksik-alarmi","status":"publish","type":"post","link":"https:\/\/haberbesiktas.tr\/?p=49931","title":{"rendered":"Galatasaray&#8217;da Gaziantep FK \u00f6ncesi eksik alarm\u0131"},"content":{"rendered":"<div>\n<div>Galatasaray&#8217;da Gaziantep FK ma\u00e7\u0131 \u00f6ncesi kritik eksikler bulunuyor.<\/div>\n<div>\u00a0<\/div>\n<div>Sar\u0131-k\u0131rm\u0131z\u0131l\u0131 ekipte sar\u0131 kart cezas\u0131 bulunan Uruguayl\u0131 orta saha Lucas Torreira, ma\u00e7ta forma giyemeyecek.<\/div>\n<div>\u00a0<\/div>\n<div>Afrika Uluslar Kupas\u0131&#8217;nda u\u011fra\u015f eden Victor Osimhen ve Ismail Jakobs da Gaziantep FK ma\u00e7\u0131nda vazife alamayacak.<\/div>\n<div>\u00a0<\/div>\n<div>Ayr\u0131ca bahis soru\u015fturmas\u0131 kapsam\u0131nda tutuklanan Metehan Baltac\u0131, yar\u0131n oynayamayacak.<\/div>\n<div>\u00a0<\/div>\n<div>Sakatl\u0131\u011f\u0131 sebebiyle uzun vakittir kadrodan farkl\u0131 kalan Wilfried Singo&#8217;nun durumu ise ma\u00e7 saatinde muhakkak olacak.<\/div>\n<\/p><\/div>\n","protected":false},"excerpt":{"rendered":"<p>Galatasaray, Gaziantep FK m\u00fcsabakas\u0131 \u00f6ncesinde de\u011ferli eksiklerle kar\u015f\u0131 kar\u015f\u0131ya.<\/p>\n","protected":false},"author":1,"featured_media":49932,"comment_status":"open","ping_status":"open","sticky":false,"template":"","format":"standard","meta":{"footnotes":""},"categories":[25],"tags":[],"class_list":["post-49931","post","type-post","status-publish","format-standard","has-post-thumbnail","hentry","category-futbol"],"_links":{"self":[{"href":"https:\/\/haberbesiktas.tr\/index.php?rest_route=\/wp\/v2\/posts\/49931","targetHints":{"allow":["GET"]}}],"collection":[{"href":"https:\/\/haberbesiktas.tr\/index.php?rest_route=\/wp\/v2\/posts"}],"about":[{"href":"https:\/\/haberbesiktas.tr\/index.php?rest_route=\/wp\/v2\/types\/post"}],"author":[{"embeddable":true,"href":"https:\/\/haberbesiktas.tr\/index.php?rest_route=\/wp\/v2\/users\/1"}],"replies":[{"embeddable":true,"href":"https:\/\/haberbesiktas.tr\/index.php?rest_route=%2Fwp%2Fv2%2Fcomments&post=49931"}],"version-history":[{"count":1,"href":"https:\/\/haberbesiktas.tr\/index.php?rest_route=\/wp\/v2\/posts\/49931\/revisions"}],"predecessor-version":[{"id":49933,"href":"https:\/\/haberbesiktas.tr\/index.php?rest_route=\/wp\/v2\/posts\/49931\/revisions\/49933"}],"wp:featuredmedia":[{"embeddable":true,"href":"https:\/\/haberbesiktas.tr\/index.php?rest_route=\/wp\/v2\/media\/49932"}],"wp:attachment":[{"href":"https:\/\/haberbesiktas.tr\/index.php?rest_route=%2Fwp%2Fv2%2Fmedia&parent=49931"}],"wp:term":[{"taxonomy":"category","embeddable":true,"href":"https:\/\/haberbesiktas.tr\/index.php?rest_route=%2Fwp%2Fv2%2Fcategories&post=49931"},{"taxonomy":"post_tag","embeddable":true,"href":"https:\/\/haberbesiktas.tr\/index.php?rest_route=%2Fwp%2Fv2%2Ftags&post=49931"}],"curies":[{"name":"wp","href":"https:\/\/api.w.org\/{rel}","templated":true}]}}