{"id":49937,"date":"2026-01-16T12:48:04","date_gmt":"2026-01-16T12:48:04","guid":{"rendered":"https:\/\/haberbesiktas.tr\/?p=49937"},"modified":"2026-01-16T12:48:04","modified_gmt":"2026-01-16T12:48:04","slug":"trabzonspor-daniel-karlsbakki-listesine-aldi","status":"publish","type":"post","link":"https:\/\/haberbesiktas.tr\/?p=49937","title":{"rendered":"Trabzonspor, Daniel Karlsbakk&#8217;\u0131 listesine ald\u0131"},"content":{"rendered":"<div>\n<div>Trabzonspor hamle s\u0131n\u0131r\u0131n\u0131 g\u00fc\u00e7lendirmek i\u00e7in \u00e7al\u0131\u015fmalar\u0131n\u0131 h\u0131zland\u0131rd\u0131.<\/div>\n<div>\u00a0<\/div>\n<div>Son y\u0131llarda gen\u00e7 y\u0131ld\u0131zlar\u0131 transfer eden bordo-mavililer, yeni bir ismi daha g\u00fcndemine ald\u0131.<\/div>\n<div>\u00a0<\/div>\n<div>Norve\u00e7&#8217;in Sarpsborg grubunda oynayan 22 ya\u015f\u0131ndaki Daniel Karslbakk, Karadeniz devinin listesine yaz\u0131ld\u0131. Gen\u00e7 forvet, son devirde yakalad\u0131\u011f\u0131 \u00e7\u0131k\u0131\u015fla dikkat \u00e7ekiyor.<\/div>\n<div>\u00a0<\/div>\n<div>Sabah&#8217;\u0131n haberine nazaran, Felipe Augusto \u015fayet Suudi Arabistan&#8217;dan gelen 15 milyon euroluk cazip teklifi kabul ederse, bordo-mavililer vakit kaybetmeden Karlssakk&#8217;a teklifte bulunacak.<\/div>\n<div>\u00a0<\/div>\n<div><strong>FELIPE AUGUSTO&#8217;YA BA\u011eLI<\/strong><\/div>\n<div>\u00a0<\/div>\n<div>Norve\u00e7li golc\u00fcn\u00fcn gelip gelmemesi Felipe Augusto&#8217;nun karar\u0131na nazaran netle\u015fecek.<\/div>\n<div>\u00a0<\/div>\n<div>Brezilyal\u0131 y\u0131d\u0131z \u015fimdi Suudi Arabistan se\u00e7ene\u011fine s\u0131cak bakmad\u0131. \u00d6te yandan Sarpsborg&#8217;la mukavelesi Aral\u0131k 2028&#8217;de sona erecek 22 ya\u015f\u0131ndaki Karlsbakk, bilhassa ge\u00e7en y\u0131l dikkat \u00e7ekti.<\/div>\n<div>\u00a0<\/div>\n<div>33 ma\u00e7ta 21 gol atan ve 3 asist yapan Karlsbakk, 24 gole katk\u0131 yapt\u0131. Y\u0131ld\u0131z golc\u00fcn\u00fcn piyasa pahas\u0131 5 milyon euro olarak g\u00f6steriliyor. Karlsbakk, Avrupa&#8217;dan gelebilecek uygun bir teklife &#8216;evet&#8217; demeye haz\u0131r.<\/div>\n<div>\u00a0<\/div>\n<div><strong>HAVA TOPLARINA HAK\u0130M<\/strong><\/div>\n<div>\u00a0<\/div>\n<div>1.94&#8217;l\u00fck uzun uzunlu\u011fuyla dikkat \u00e7eken Daniel Karlsbakk&#8217;\u0131n en b\u00fcy\u00fck \u00f6zelli\u011fi olarak hava toplar\u0131ndaki ba\u015far\u0131s\u0131 g\u00f6ze \u00e7arp\u0131yor.<\/div>\n<div>\u00a0<\/div>\n<div>Norve\u00e7li forvet, grubunun hamlelerine ba\u015f golleriyle b\u00fcy\u00fck dayanak sa\u011fl\u0131yor. Fizik g\u00fcc\u00fc de y\u00fcksek olan 22 ya\u015f\u0131ndaki y\u0131ld\u0131z, rakip savunmalara \u00f6nemli manada g\u00fc\u00e7 anlar ya\u015fat\u0131yor.<\/div>\n<div>\u00a0<\/div>\n<div><strong>NORVE\u00c7&#8217;\u0130N GOL H\u00dcK\u00dcMDARI OLDU<\/strong><\/div>\n<div>\u00a0<\/div>\n<div>Norve\u00e7&#8217;te Sarpsborg formas\u0131yla 2024-2025 d\u00f6neminde \u00e7\u0131k\u0131\u015fa ge\u00e7en Daniel Karlsbakk, gol krall\u0131\u011f\u0131 da ya\u015fad\u0131.<\/div>\n<div>\u00a0<\/div>\n<div>Norve\u00e7 Ligi olan Eliteserien 2025&#8217;te rakip fileleri 18 defa havaland\u0131ran 22 ya\u015f\u0131ndaki forvet, krall\u0131k koltu\u011funa oturdu.<\/div>\n<div>\u00a0<\/div>\n<div><strong>\u0130DOL\u00dc S\u00d6RLOTH VE HAALAND<\/strong><\/div>\n<div>\u00a0<\/div>\n<div>Daniel Karlsbakk, Norve\u00e7 futbolunda son y\u0131llarda yeti\u015fen yeni y\u0131ld\u0131z adaylar\u0131ndan biri olarak \u00f6ne \u00e7\u0131k\u0131yor.<\/div>\n<div>\u00a0<\/div>\n<div>\u00d6zellikle mevcut kul\u00fcb\u00fc Sarpsborg formas\u0131yla \u00e7\u0131k\u0131\u015fa ge\u00e7en Karlsbakk&#8217;\u0131n Norve\u00e7 bas\u0131n\u0131na verdi\u011fi bir r\u00f6portajda Trabzonspor&#8217;un eski gol h\u00fck\u00fcmdar\u0131 Alexander S\u00f6rloth ve d\u00fcnyaca \u00fcnl\u00fc y\u0131ld\u0131z Erling Haaland&#8217;\u0131 \u00f6rnek ald\u0131\u011f\u0131n\u0131 vurgulmas\u0131 g\u00f6zlerden ka\u00e7mad\u0131.<\/div>\n<div>\u00a0<\/div>\n<div>2003 do\u011fumlu forvet, vatanda\u015flar\u0131n\u0131n m\u00fcsaadeden gitmek istedi\u011fini vurguluyor.\u00a0<\/div>\n<\/p><\/div>\n","protected":false},"excerpt":{"rendered":"<p>Trabzonspor, atak \u00e7izgisini g\u00fc\u00e7lendirmek i\u00e7in Norve\u00e7&#8217;in Sarpsborg ekibinde forma giyen 22 ya\u015f\u0131ndaki Daniel Karlsbakk&#8217;\u0131 g\u00fcndemine ald\u0131.<\/p>\n","protected":false},"author":1,"featured_media":49938,"comment_status":"open","ping_status":"open","sticky":false,"template":"","format":"standard","meta":{"footnotes":""},"categories":[25],"tags":[77],"class_list":["post-49937","post","type-post","status-publish","format-standard","has-post-thumbnail","hentry","category-futbol","tag-gol"],"_links":{"self":[{"href":"https:\/\/haberbesiktas.tr\/index.php?rest_route=\/wp\/v2\/posts\/49937","targetHints":{"allow":["GET"]}}],"collection":[{"href":"https:\/\/haberbesiktas.tr\/index.php?rest_route=\/wp\/v2\/posts"}],"about":[{"href":"https:\/\/haberbesiktas.tr\/index.php?rest_route=\/wp\/v2\/types\/post"}],"author":[{"embeddable":true,"href":"https:\/\/haberbesiktas.tr\/index.php?rest_route=\/wp\/v2\/users\/1"}],"replies":[{"embeddable":true,"href":"https:\/\/haberbesiktas.tr\/index.php?rest_route=%2Fwp%2Fv2%2Fcomments&post=49937"}],"version-history":[{"count":1,"href":"https:\/\/haberbesiktas.tr\/index.php?rest_route=\/wp\/v2\/posts\/49937\/revisions"}],"predecessor-version":[{"id":49939,"href":"https:\/\/haberbesiktas.tr\/index.php?rest_route=\/wp\/v2\/posts\/49937\/revisions\/49939"}],"wp:featuredmedia":[{"embeddable":true,"href":"https:\/\/haberbesiktas.tr\/index.php?rest_route=\/wp\/v2\/media\/49938"}],"wp:attachment":[{"href":"https:\/\/haberbesiktas.tr\/index.php?rest_route=%2Fwp%2Fv2%2Fmedia&parent=49937"}],"wp:term":[{"taxonomy":"category","embeddable":true,"href":"https:\/\/haberbesiktas.tr\/index.php?rest_route=%2Fwp%2Fv2%2Fcategories&post=49937"},{"taxonomy":"post_tag","embeddable":true,"href":"https:\/\/haberbesiktas.tr\/index.php?rest_route=%2Fwp%2Fv2%2Ftags&post=49937"}],"curies":[{"name":"wp","href":"https:\/\/api.w.org\/{rel}","templated":true}]}}