{"id":49943,"date":"2026-01-16T13:12:06","date_gmt":"2026-01-16T13:12:06","guid":{"rendered":"https:\/\/haberbesiktas.tr\/?p=49943"},"modified":"2026-01-16T13:12:06","modified_gmt":"2026-01-16T13:12:06","slug":"besiktas-priske-transferinde-kotu-haber","status":"publish","type":"post","link":"https:\/\/haberbesiktas.tr\/?p=49943","title":{"rendered":"Be\u015fikta\u015f Priske transferinde k\u00f6t\u00fc haber!"},"content":{"rendered":"<div>Be\u015fikta\u015f, atak s\u0131n\u0131r\u0131n\u0131 g\u00fc\u00e7lendirme maksad\u0131yla transfer \u00e7al\u0131\u015fmalar\u0131n\u0131 s\u00fcrd\u00fcr\u00fcyor; lakin Siyah-Beyazl\u0131lar&#8217;\u0131n g\u00fcndemindeki August Priske i\u00e7in \u0130ngiltere&#8217;den \u00f6nemli bir rakip belirdi.<\/p>\n<p> \u0130sve\u00e7 bas\u0131n\u0131 Expressen&#8217;in haberine nazaran, Championship grubu Birmingham City, Djurg\u00e5rden formas\u0131 giyen gen\u00e7 golc\u00fc i\u00e7in \u00f6ne ge\u00e7en kadro oldu. G\u00f6r\u00fc\u015fmelerin ilerledi\u011fi ve muahedenin yak\u0131n oldu\u011fu tezleri g\u00fcndemde. 21 ya\u015f\u0131ndaki Danimarkal\u0131 forvet, Djurg\u00e5rden&#8217;deki etkileyici performans\u0131yla dikkatleri \u00e7ekiyor; ge\u00e7en sezon ligde att\u0131\u011f\u0131 18 golle gol krall\u0131\u011f\u0131 yar\u0131\u015f\u0131n\u0131 tepede tamamlayan Priske, t\u0131pk\u0131 vakitte Allsvenskan&#8217;da &#8220;Y\u0131l\u0131n Forveti&#8221; se\u00e7ildi.<\/p>\n<p> <strong>SON ATILIM YAPILACAK<\/strong> <\/p>\n<p> 1.95 uzunlu\u011fundaki Priske, uzun uzunlu\u011funa kar\u015f\u0131n surat\u0131 ve ceza alan\u0131ndaki aktifli\u011fiyle \u00f6n plana \u00e7\u0131k\u0131yor. Daha evvel RB Salzburg&#8217;un da ilgisini \u00e7eken oyuncu i\u00e7in Djurgarden, ocak ay\u0131nda sat\u0131\u015fa s\u0131cak bak\u0131yor ve Birmingham City ile b\u00fcy\u00fck \u00f6l\u00e7\u00fcde mutabakata vard\u0131. Priske&#8217;nin ferd\u00ee kaidelerde \u0130ngiliz grubuyla uzla\u015fmaya yak\u0131n oldu\u011fu belirtilirken, Be\u015fikta\u015f ve Lille bu yar\u0131\u015fta geride kald\u0131. Tekrar de Kara Kartal, gen\u00e7 forvet i\u00e7in \u00f6n\u00fcm\u00fczdeki g\u00fcnlerde son bir teklif yapmay\u0131 planl\u0131yor.<\/p>\n<\/div>\n","protected":false},"excerpt":{"rendered":"<p>Be\u015fikta\u015f, August Priske ile ilgilense de, Birmingham City transfer yar\u0131\u015f\u0131nda \u00f6ne ge\u00e7ti.<\/p>\n","protected":false},"author":1,"featured_media":49944,"comment_status":"open","ping_status":"open","sticky":false,"template":"","format":"standard","meta":{"footnotes":""},"categories":[25],"tags":[],"class_list":["post-49943","post","type-post","status-publish","format-standard","has-post-thumbnail","hentry","category-futbol"],"_links":{"self":[{"href":"https:\/\/haberbesiktas.tr\/index.php?rest_route=\/wp\/v2\/posts\/49943","targetHints":{"allow":["GET"]}}],"collection":[{"href":"https:\/\/haberbesiktas.tr\/index.php?rest_route=\/wp\/v2\/posts"}],"about":[{"href":"https:\/\/haberbesiktas.tr\/index.php?rest_route=\/wp\/v2\/types\/post"}],"author":[{"embeddable":true,"href":"https:\/\/haberbesiktas.tr\/index.php?rest_route=\/wp\/v2\/users\/1"}],"replies":[{"embeddable":true,"href":"https:\/\/haberbesiktas.tr\/index.php?rest_route=%2Fwp%2Fv2%2Fcomments&post=49943"}],"version-history":[{"count":1,"href":"https:\/\/haberbesiktas.tr\/index.php?rest_route=\/wp\/v2\/posts\/49943\/revisions"}],"predecessor-version":[{"id":49945,"href":"https:\/\/haberbesiktas.tr\/index.php?rest_route=\/wp\/v2\/posts\/49943\/revisions\/49945"}],"wp:featuredmedia":[{"embeddable":true,"href":"https:\/\/haberbesiktas.tr\/index.php?rest_route=\/wp\/v2\/media\/49944"}],"wp:attachment":[{"href":"https:\/\/haberbesiktas.tr\/index.php?rest_route=%2Fwp%2Fv2%2Fmedia&parent=49943"}],"wp:term":[{"taxonomy":"category","embeddable":true,"href":"https:\/\/haberbesiktas.tr\/index.php?rest_route=%2Fwp%2Fv2%2Fcategories&post=49943"},{"taxonomy":"post_tag","embeddable":true,"href":"https:\/\/haberbesiktas.tr\/index.php?rest_route=%2Fwp%2Fv2%2Ftags&post=49943"}],"curies":[{"name":"wp","href":"https:\/\/api.w.org\/{rel}","templated":true}]}}