{"id":4995,"date":"2025-01-20T15:23:59","date_gmt":"2025-01-20T15:23:59","guid":{"rendered":"https:\/\/haberbesiktas.tr\/?p=4995"},"modified":"2025-01-20T15:23:59","modified_gmt":"2025-01-20T15:23:59","slug":"yusuf-erdogandan-hakem-tepkisi-artik-aciyor-aci-veriyor","status":"publish","type":"post","link":"https:\/\/haberbesiktas.tr\/?p=4995","title":{"rendered":"Yusuf Erdo\u011fan&#8217;dan hakem tepkisi: &#8220;Art\u0131k ac\u0131yor, ac\u0131 veriyor&#8221;"},"content":{"rendered":"<div>Konyaspor&#8217;da forma giyen Yusuf Erdo\u011fan, Fenerbah\u00e7e&#8217;ye 3-2 ma\u011flup olduklar\u0131 ma\u00e7\u0131n akabinde a\u00e7\u0131klama yapt\u0131.<\/p>\n<p> Yenilgi sonras\u0131 konu\u015fan Erdo\u011fan, <strong>&#8220;Bug\u00fcn berabere kalaca\u011f\u0131m\u0131zda \u00fcz\u00fclece\u011fimiz bir ma\u00e7tan yenilgiyle ayr\u0131l\u0131yoruz. B\u00fct\u00fcn grup arkada\u015flar\u0131m\u0131 kutluyorum. Taraftar\u0131m\u0131za te\u015fekk\u00fcr ediyorum. Elimizden geleni yapt\u0131k.&#8221;<\/strong> dedi.<\/p>\n<p> <strong>&#8220;E\u015e\u0130T B\u0130\u00c7\u0130MDE ADALET OLMALI&#8221;<\/strong><\/p>\n<p> Hakem kararlar\u0131n\u0131 ele\u015ftiren 32 ya\u015f\u0131ndaki futbolcu, <strong>&#8220;\u00c7ok \u015fey s\u00f6ylemek istiyorum lakin&#8230; 13. y\u0131l\u0131m \u00dcst\u00fcn Lig&#8217;de. Art\u0131k futbol d\u0131\u015f\u0131n\u0131 konu\u015fmak yoruyor. Mutsuzuz d\u0131\u015far\u0131ya konu\u015fmaya. Ferdi yan\u0131lg\u0131lar\u0131 nat\u00fcrel ki konu\u015faca\u011f\u0131z ancak k\u0131r\u0131lma anlar\u0131 aleyhimize oldu. U\u011furcan&#8217;\u0131n konumu y\u00fczde y\u00fcz k\u0131rm\u0131z\u0131 kart. Prip&#8217;in durumu penalt\u0131. K\u0131r\u0131lma anlar\u0131 daima aleyhimize \u00e7al\u0131nd\u0131. Yar\u0131\u015ftan kopmamak ismine bu t\u00fcrl\u00fc kolay \u015feylere gerek yok. Marka k\u0131ymetimiz ismine \u00fcz\u00fcc\u00fc. Marka bedelini artt\u0131rmam\u0131z gerekiyorsa, e\u015fit bi\u00e7imde adalet olmal\u0131.&#8221;<\/strong> s\u00f6zlerini kulland\u0131.<\/p>\n<p> <strong>&#8220;ARTIK ACIYOR, ACI VER\u0130YOR!&#8221;<\/strong><\/p>\n<p> Erdo\u011fan ayr\u0131yeten,<strong> &#8220;\u00dczg\u00fcn\u00fcz. Seri yapmak zorunday\u0131z art\u0131k. Hakem konu\u015fmayaca\u011f\u0131m lakin art\u0131k ac\u0131yor, ac\u0131 veriyor! Yapacak bir \u015fey yok. Futbolumuzun bu t\u00fcrl\u00fc devam etmesini istemiyoruz. Futbolcular\u0131n konu\u015fuldu\u011fu bir lig istiyoruz. \u0130n\u015fallah herkes kendisine \u00e7uvald\u0131z\u0131 bat\u0131r\u0131r.&#8221;<\/strong> kelamlar\u0131n\u0131 sarf etti.<\/p>\n<p> \u00a0<\/p>\n<\/div>\n","protected":false},"excerpt":{"rendered":"<p>Konyasporlu Yusuf Erdo\u011fan, Fenerbah\u00e7e&#8217;ye 3-2 yenildikleri ma\u00e7\u0131n akabinde a\u00e7\u0131klama yapt\u0131.<\/p>\n","protected":false},"author":1,"featured_media":4996,"comment_status":"open","ping_status":"open","sticky":false,"template":"","format":"standard","meta":{"footnotes":""},"categories":[25],"tags":[],"class_list":["post-4995","post","type-post","status-publish","format-standard","has-post-thumbnail","hentry","category-futbol"],"_links":{"self":[{"href":"https:\/\/haberbesiktas.tr\/index.php?rest_route=\/wp\/v2\/posts\/4995","targetHints":{"allow":["GET"]}}],"collection":[{"href":"https:\/\/haberbesiktas.tr\/index.php?rest_route=\/wp\/v2\/posts"}],"about":[{"href":"https:\/\/haberbesiktas.tr\/index.php?rest_route=\/wp\/v2\/types\/post"}],"author":[{"embeddable":true,"href":"https:\/\/haberbesiktas.tr\/index.php?rest_route=\/wp\/v2\/users\/1"}],"replies":[{"embeddable":true,"href":"https:\/\/haberbesiktas.tr\/index.php?rest_route=%2Fwp%2Fv2%2Fcomments&post=4995"}],"version-history":[{"count":1,"href":"https:\/\/haberbesiktas.tr\/index.php?rest_route=\/wp\/v2\/posts\/4995\/revisions"}],"predecessor-version":[{"id":4997,"href":"https:\/\/haberbesiktas.tr\/index.php?rest_route=\/wp\/v2\/posts\/4995\/revisions\/4997"}],"wp:featuredmedia":[{"embeddable":true,"href":"https:\/\/haberbesiktas.tr\/index.php?rest_route=\/wp\/v2\/media\/4996"}],"wp:attachment":[{"href":"https:\/\/haberbesiktas.tr\/index.php?rest_route=%2Fwp%2Fv2%2Fmedia&parent=4995"}],"wp:term":[{"taxonomy":"category","embeddable":true,"href":"https:\/\/haberbesiktas.tr\/index.php?rest_route=%2Fwp%2Fv2%2Fcategories&post=4995"},{"taxonomy":"post_tag","embeddable":true,"href":"https:\/\/haberbesiktas.tr\/index.php?rest_route=%2Fwp%2Fv2%2Ftags&post=4995"}],"curies":[{"name":"wp","href":"https:\/\/api.w.org\/{rel}","templated":true}]}}