{"id":49952,"date":"2026-01-16T13:48:04","date_gmt":"2026-01-16T13:48:04","guid":{"rendered":"https:\/\/haberbesiktas.tr\/?p=49952"},"modified":"2026-01-16T13:48:04","modified_gmt":"2026-01-16T13:48:04","slug":"tammy-abraham-4-kulvarda-da-atti","status":"publish","type":"post","link":"https:\/\/haberbesiktas.tr\/?p=49952","title":{"rendered":"Tammy Abraham, 4 kulvarda da att\u0131!"},"content":{"rendered":"<div>Ziraat T\u00fcrkiye Kupas\u0131 C K\u00fcmesi ikinci hafta ma\u00e7\u0131nda Be\u015fikta\u015f, konuk etti\u011fi Trendyol 1. Lig grubu Emre G\u00f6kdemir \u0130n\u015faat Ankara Ke\u00e7i\u00f6reng\u00fcc\u00fc&#8217;n\u00fc 3-0 yendi.<\/p>\n<p> T\u00fcpra\u015f Stad\u0131&#8217;nda oynanan ma\u00e7ta a\u00e7\u0131l\u0131\u015f gol\u00fc Tammy Abraham&#8217;dan geldi. Afrika Kupas\u0131&#8217;ndan d\u00f6nen El Bilal Toure, aya\u011f\u0131n\u0131n tozuyla fileleri havaland\u0131rd\u0131. Kartal Kayra, sonucu ilan etti<\/p>\n<p> <strong>13. DEFA A\u011eLARI SARSTI<\/strong> <\/p>\n<p> Transferde ismi Aston Villa ile an\u0131lan Tammy Abraham, Be\u015fikta\u015f&#8217;ta gollerine devam ediyor. Siyah beyazl\u0131 ekibin yeni y\u0131ldaki birinci gol\u00fcn\u00fc Ke\u00e7i\u00f6reng\u00fcc\u00fc&#8217;ne kar\u015f\u0131 atan \u0130ngiliz santrfor, toplamda a\u011flar\u0131 13. defa sarst\u0131.<\/p>\n<p> <strong>4 FARKLI KULVARDA DA ATTI<\/strong><\/p>\n<p> 28 ya\u015f\u0131ndaki forvet, bu sezon Avrupa Ligi elemeleri, Konferans Ligi elemeleri, S\u00fcper Lig ve T\u00fcrkiye Kupas\u0131 olmak \u00fczere 4 farkl\u0131 kulvarda da gol atmay\u0131 ba\u015fard\u0131.\u00a0<\/p>\n<\/div>\n","protected":false},"excerpt":{"rendered":"<p>Tammy Abraham, Ke\u00e7i\u00f6reng\u00fcc\u00fc kar\u015f\u0131s\u0131nda att\u0131\u011f\u0131 golle Be\u015fikta\u015f&#8217;taki toplam gol say\u0131s\u0131n\u0131 13&#8217;e \u00e7\u0131kar\u0131rken, bu d\u00f6nem d\u00f6rt farkl\u0131 kulvarda da fileleri havaland\u0131rd\u0131.<\/p>\n","protected":false},"author":1,"featured_media":49953,"comment_status":"open","ping_status":"open","sticky":false,"template":"","format":"standard","meta":{"footnotes":""},"categories":[25],"tags":[],"class_list":["post-49952","post","type-post","status-publish","format-standard","has-post-thumbnail","hentry","category-futbol"],"_links":{"self":[{"href":"https:\/\/haberbesiktas.tr\/index.php?rest_route=\/wp\/v2\/posts\/49952","targetHints":{"allow":["GET"]}}],"collection":[{"href":"https:\/\/haberbesiktas.tr\/index.php?rest_route=\/wp\/v2\/posts"}],"about":[{"href":"https:\/\/haberbesiktas.tr\/index.php?rest_route=\/wp\/v2\/types\/post"}],"author":[{"embeddable":true,"href":"https:\/\/haberbesiktas.tr\/index.php?rest_route=\/wp\/v2\/users\/1"}],"replies":[{"embeddable":true,"href":"https:\/\/haberbesiktas.tr\/index.php?rest_route=%2Fwp%2Fv2%2Fcomments&post=49952"}],"version-history":[{"count":1,"href":"https:\/\/haberbesiktas.tr\/index.php?rest_route=\/wp\/v2\/posts\/49952\/revisions"}],"predecessor-version":[{"id":49954,"href":"https:\/\/haberbesiktas.tr\/index.php?rest_route=\/wp\/v2\/posts\/49952\/revisions\/49954"}],"wp:featuredmedia":[{"embeddable":true,"href":"https:\/\/haberbesiktas.tr\/index.php?rest_route=\/wp\/v2\/media\/49953"}],"wp:attachment":[{"href":"https:\/\/haberbesiktas.tr\/index.php?rest_route=%2Fwp%2Fv2%2Fmedia&parent=49952"}],"wp:term":[{"taxonomy":"category","embeddable":true,"href":"https:\/\/haberbesiktas.tr\/index.php?rest_route=%2Fwp%2Fv2%2Fcategories&post=49952"},{"taxonomy":"post_tag","embeddable":true,"href":"https:\/\/haberbesiktas.tr\/index.php?rest_route=%2Fwp%2Fv2%2Ftags&post=49952"}],"curies":[{"name":"wp","href":"https:\/\/api.w.org\/{rel}","templated":true}]}}