{"id":49961,"date":"2026-01-16T14:24:05","date_gmt":"2026-01-16T14:24:05","guid":{"rendered":"https:\/\/haberbesiktas.tr\/?p=49961"},"modified":"2026-01-16T14:24:05","modified_gmt":"2026-01-16T14:24:05","slug":"4-buyuklerin-ortak-hedefi-krepin-diatta","status":"publish","type":"post","link":"https:\/\/haberbesiktas.tr\/?p=49961","title":{"rendered":"4 b\u00fcy\u00fcklerin ortak hedefi: Krepin Diatta"},"content":{"rendered":"<div>Trendyol \u00dcst\u00fcn Lig&#8217;in d\u00f6rt b\u00fcy\u00fck kul\u00fcb\u00fc Be\u015fikta\u015f, Fenerbah\u00e7e, Galatasaray ve Trabzonspor, t\u0131pk\u0131 ismin pe\u015fine d\u00fc\u015ft\u00fc.<\/p>\n<p> Frans\u0131z bas\u0131n\u0131nda yer alan habere nazaran; Be\u015fikta\u015f, Fenerbah\u00e7e, Galatasaray ve Trabzonspor, Fransa Ligue 1 temsilcisi Monaco formas\u0131 giyen 26 ya\u015f\u0131ndaki sa\u011f kanat oyuncusu Kr\u00e9pin Diatta ile ilgileniyor.<\/p>\n<p> Haberde, Krepin Diatta&#8217;n\u0131n Afrika Uluslar Kupas\u0131&#8217;ndaki ba\u015far\u0131l\u0131 performans\u0131 ve kontrat m\u00fcddetinin sona yakla\u015fmas\u0131 nedeniyle kendisine olan ilginin artt\u0131\u011f\u0131 belirtildi. <\/p>\n<p> <strong>BREZ\u0130LYA&#8217;DAN DA TAL\u0130PLER\u0130 VAR<\/strong><\/p>\n<p> \u00d6te yandan Muhte\u015fem Lig&#8217;in d\u00f6rt b\u00fcy\u00fck kul\u00fcb\u00fcn\u00fcn yan\u0131 s\u0131ra bir\u00e7ok Brezilya grubunun de Senegalli oyuncuyu yak\u0131ndan takip etti\u011fi tabir edildi.<\/p>\n<p> <strong>BU D\u00d6NEM NE YAPTI?<\/strong><\/p>\n<p> Krepin Diatta bu d\u00f6nem Ligue 1 temsilcisi ile t\u00fcm kulvarlarda 12 ma\u00e7ta 801 dakika m\u00fchlet ald\u0131 ve 2 asist katk\u0131s\u0131 sunmay\u0131 ba\u015fard\u0131.<\/p>\n<p> Monaco&#8217;nun birinci 11&#8217;inde tertipli olarak forma talihi bulamayan Diatta&#8217;n\u0131n akt\u00fcel piyasa k\u0131ymeti 6 milyon euro.<\/p>\n<p> <strong>KAR\u0130YER\u0130<\/strong><\/p>\n<p> Haziran 2026&#8217;da mukavelesi sona erecek olan Krepin Diatta, futbol mesle\u011finde daha evvel Sarpsborg ve Club Brugge ekiplerinde forma giydikten sonra, 2021 y\u0131l\u0131nda 16,7 milyon euro kar\u015f\u0131l\u0131\u011f\u0131nda Monaco&#8217;ya transfer oldu. Senegalli sa\u011f kanat oyuncusu, Fransa&#8217;daki 133 resmi ma\u00e7\u0131nda toplam 17 gol ve asist katk\u0131s\u0131 sa\u011flad\u0131. As\u0131l mevkisi sa\u011f kanat olan Diatta, gerekti\u011finde sa\u011f bek ve sol kanatta da misyon alabiliyor.<\/p>\n<\/div>\n","protected":false},"excerpt":{"rendered":"<p>Be\u015fikta\u015f, Fenerbah\u00e7e, Galatasaray ve Trabzonspor; Fransa Ligue 1 temsilcisi Monaco&#8217;da forma giyen 26 ya\u015f\u0131ndaki sa\u011f kanat oyuncusu Krepin Diatta i\u00e7in harekete ge\u00e7ti.<\/p>\n","protected":false},"author":1,"featured_media":49962,"comment_status":"open","ping_status":"open","sticky":false,"template":"","format":"standard","meta":{"footnotes":""},"categories":[25],"tags":[3773],"class_list":["post-49961","post","type-post","status-publish","format-standard","has-post-thumbnail","hentry","category-futbol","tag-diatta"],"_links":{"self":[{"href":"https:\/\/haberbesiktas.tr\/index.php?rest_route=\/wp\/v2\/posts\/49961","targetHints":{"allow":["GET"]}}],"collection":[{"href":"https:\/\/haberbesiktas.tr\/index.php?rest_route=\/wp\/v2\/posts"}],"about":[{"href":"https:\/\/haberbesiktas.tr\/index.php?rest_route=\/wp\/v2\/types\/post"}],"author":[{"embeddable":true,"href":"https:\/\/haberbesiktas.tr\/index.php?rest_route=\/wp\/v2\/users\/1"}],"replies":[{"embeddable":true,"href":"https:\/\/haberbesiktas.tr\/index.php?rest_route=%2Fwp%2Fv2%2Fcomments&post=49961"}],"version-history":[{"count":1,"href":"https:\/\/haberbesiktas.tr\/index.php?rest_route=\/wp\/v2\/posts\/49961\/revisions"}],"predecessor-version":[{"id":49963,"href":"https:\/\/haberbesiktas.tr\/index.php?rest_route=\/wp\/v2\/posts\/49961\/revisions\/49963"}],"wp:featuredmedia":[{"embeddable":true,"href":"https:\/\/haberbesiktas.tr\/index.php?rest_route=\/wp\/v2\/media\/49962"}],"wp:attachment":[{"href":"https:\/\/haberbesiktas.tr\/index.php?rest_route=%2Fwp%2Fv2%2Fmedia&parent=49961"}],"wp:term":[{"taxonomy":"category","embeddable":true,"href":"https:\/\/haberbesiktas.tr\/index.php?rest_route=%2Fwp%2Fv2%2Fcategories&post=49961"},{"taxonomy":"post_tag","embeddable":true,"href":"https:\/\/haberbesiktas.tr\/index.php?rest_route=%2Fwp%2Fv2%2Ftags&post=49961"}],"curies":[{"name":"wp","href":"https:\/\/api.w.org\/{rel}","templated":true}]}}